{"id":1140,"date":"2017-06-22T14:28:49","date_gmt":"2017-06-22T11:28:49","guid":{"rendered":"http:\/\/www.kalmarinkyla.net\/?p=1140"},"modified":"2017-06-22T14:28:49","modified_gmt":"2017-06-22T11:28:49","slug":"kalmarin-kesan-2017-tapahtumat","status":"publish","type":"post","link":"https:\/\/www.kalmarinkyla.net\/?p=1140","title":{"rendered":"Kalmarin kes\u00e4n 2017 tapahtumat"},"content":{"rendered":"<div id=\"fb-root\"><\/div>\n<p>Kes\u00e4 on saapunut my\u00f6s Kalmariin s\u00e4\u00e4st\u00e4 huolimatta!<\/p>\n<p>Kalmarin kes\u00e4ss\u00e4 on tapahtumaa j\u00e4lleen tiedossa, yhteenvedon voit tarkistaa ja tulostaa itsellesi t\u00e4\u00e4lt\u00e4:\u00a0<a href=\"http:\/\/www.kalmarinkyla.net\/wp\/wp-content\/uploads\/Nahjuksen-kes\u00e4-2017-v\u00e4ri.pdf\">Nahjuksen kes\u00e4 2017<\/a>.<\/p>\n<p>Kes\u00e4kahvila-illat py\u00f6r\u00e4ht\u00e4v\u00e4t k\u00e4yntiin torstaina 29.6. T\u00e4n\u00e4 kes\u00e4n\u00e4 s\u00e4iden salliessa kahvittelemme ulkona, jonne ulkogrillin yhteyteen on rakennettu terassi. Avajaisiltana viet\u00e4mmekin terassin avajaisia. Kes\u00e4kahvila palvelee keskiviikkoisin ja torstaisin klo 17.30-19.30, 27.7. saakka.<\/p>\n<p>Ahkerat talkoolaiset ovat laajentaneet my\u00f6s Frisbeegolf-rataa niin, ett\u00e4 se k\u00e4sitt\u00e4\u00e4 jo 13 v\u00e4yl\u00e4n kokonaisuuden. Tutustumaan rataan p\u00e4\u00e4see hienosti kilpailun merkeiss\u00e4 29.6. klo 18 alkaen. Voittajat palkitaan!<\/p>\n<p>Kalmarin k\u00e4sity\u00f6harrastajat ovat koonneet K\u00e4sity\u00f6n\u00e4yttelyn Nahjuksen juhlasaliin. K\u00e4sity\u00f6n\u00e4yttelyn avajaisia viet\u00e4mme 5.7. N\u00e4yttelyss\u00e4 on esill\u00e4 k\u00e4sit\u00f6it\u00e4 Suomen ja Kalmarin 100-vuotisen historian ajalta. N\u00e4yttely on avoinna 13.7. saakka jokap\u00e4iv\u00e4.<\/p>\n<p>Muutamana vuonna olemme viritelleet yhteislaulu-iltoja ja t\u00e4t\u00e4 jatkamme my\u00f6s t\u00e4n\u00e4 vuonna uuden Nahjukselle laaditun lauluvihkon johdattamana. Vet\u00e4j\u00e4n\u00e4 kes\u00e4kalmarilainen Antti Laaksonen. Lauluja lauletaan hein\u00e4kuussa kolmena torstaina: 13.7., 20.7. ja 27.7. klo 18 alkaen.<\/p>\n<p>Iloksemme olemme saaneet n\u00e4yttelij\u00e4 Outi Nevalinnan esiintym\u00e4\u00e4n Nahjukselle keskiviikkona 19.7. Outi esitt\u00e4\u00e4 monologin Autonomian aikaan, joka pohjautuu Juhani Ahon ja Maria Jotunin teksteihin. Esitykseen on vapaa p\u00e4\u00e4sy, joten kaikilla on mahdollisuus osallistua!<\/p>\n<p>Viimeisen\u00e4, mutta ei miss\u00e4\u00e4n tapauksessa v\u00e4h\u00e4isimp\u00e4n\u00e4, 12.8. Nahjuksen kent\u00e4lle saapuvat Kopittomat eli kopittomat traktorit ja muut vanhat ajoneuvot. Viime kes\u00e4n\u00e4 tapahtumassa oli k\u00e4vij\u00f6it\u00e4 runsaasti, joka yll\u00e4tti j\u00e4rjest\u00e4j\u00e4t t\u00e4ystin. Kiitos siit\u00e4 teille! Ehk\u00e4p\u00e4 t\u00e4n\u00e4 kes\u00e4n\u00e4 laitamme viel\u00e4 paremmaksi?<\/p>\n<p>Toivotamme kaikki eritt\u00e4in l\u00e4mpim\u00e4pim\u00e4sti mukaan kes\u00e4n tapahtumiin Nahjukselle!<\/p>\n","protected":false},"excerpt":{"rendered":"<p>Kes\u00e4 on saapunut my\u00f6s Kalmariin s\u00e4\u00e4st\u00e4 huolimatta! Kalmarin kes\u00e4ss\u00e4 on tapahtumaa j\u00e4lleen tiedossa, yhteenvedon voit tarkistaa ja tulostaa itsellesi t\u00e4\u00e4lt\u00e4:\u00a0Nahjuksen kes\u00e4 2017. Kes\u00e4kahvila-illat py\u00f6r\u00e4ht\u00e4v\u00e4t k\u00e4yntiin torstaina 29.6. T\u00e4n\u00e4 kes\u00e4n\u00e4 s\u00e4iden salliessa kahvittelemme ulkona, jonne ulkogrillin yhteyteen on rakennettu terassi. Avajaisiltana&hellip; <\/p>\n","protected":false},"author":3,"featured_media":0,"comment_status":"open","ping_status":"open","sticky":false,"template":"","format":"standard","meta":{"jetpack_post_was_ever_published":false,"_jetpack_newsletter_access":"","_jetpack_dont_email_post_to_subs":false,"_jetpack_newsletter_tier_id":0,"_jetpack_memberships_contains_paywalled_content":false,"_jetpack_memberships_contains_paid_content":false,"footnotes":"","jetpack_publicize_message":"","jetpack_publicize_feature_enabled":true,"jetpack_social_post_already_shared":true,"jetpack_social_options":{"image_generator_settings":{"template":"highway","default_image_id":0,"font":"","enabled":false},"version":2}},"categories":[14,13],"tags":[],"class_list":["post-1140","post","type-post","status-publish","format-standard","hentry","category-kesapaivat","category-kopittomat"],"jetpack_publicize_connections":[],"jetpack_featured_media_url":"","jetpack_sharing_enabled":true,"jetpack_shortlink":"https:\/\/wp.me\/p8BHJU-io","jetpack-related-posts":[],"_links":{"self":[{"href":"https:\/\/www.kalmarinkyla.net\/index.php?rest_route=\/wp\/v2\/posts\/1140","targetHints":{"allow":["GET"]}}],"collection":[{"href":"https:\/\/www.kalmarinkyla.net\/index.php?rest_route=\/wp\/v2\/posts"}],"about":[{"href":"https:\/\/www.kalmarinkyla.net\/index.php?rest_route=\/wp\/v2\/types\/post"}],"author":[{"embeddable":true,"href":"https:\/\/www.kalmarinkyla.net\/index.php?rest_route=\/wp\/v2\/users\/3"}],"replies":[{"embeddable":true,"href":"https:\/\/www.kalmarinkyla.net\/index.php?rest_route=%2Fwp%2Fv2%2Fcomments&post=1140"}],"version-history":[{"count":1,"href":"https:\/\/www.kalmarinkyla.net\/index.php?rest_route=\/wp\/v2\/posts\/1140\/revisions"}],"predecessor-version":[{"id":1142,"href":"https:\/\/www.kalmarinkyla.net\/index.php?rest_route=\/wp\/v2\/posts\/1140\/revisions\/1142"}],"wp:attachment":[{"href":"https:\/\/www.kalmarinkyla.net\/index.php?rest_route=%2Fwp%2Fv2%2Fmedia&parent=1140"}],"wp:term":[{"taxonomy":"category","embeddable":true,"href":"https:\/\/www.kalmarinkyla.net\/index.php?rest_route=%2Fwp%2Fv2%2Fcategories&post=1140"},{"taxonomy":"post_tag","embeddable":true,"href":"https:\/\/www.kalmarinkyla.net\/index.php?rest_route=%2Fwp%2Fv2%2Ftags&post=1140"}],"curies":[{"name":"wp","href":"https:\/\/api.w.org\/{rel}","templated":true}]}}