{"id":127,"date":"2015-07-12T15:58:08","date_gmt":"2015-07-12T12:58:08","guid":{"rendered":"http:\/\/www.kalmarinkyla.net\/wp\/?p=127"},"modified":"2017-03-14T14:23:53","modified_gmt":"2017-03-14T12:23:53","slug":"vuoden-nahjukset-valittiin-kesapaivilla-12-7-2015","status":"publish","type":"post","link":"https:\/\/www.kalmarinkyla.net\/?p=127","title":{"rendered":"&#8221;Vuoden Nahjukset&#8221; valittiin kes\u00e4p\u00e4ivill\u00e4 12.7.2015"},"content":{"rendered":"<div id=\"fb-root\"><\/div>\n<p>Kes\u00e4p\u00e4ivill\u00e4 palkittiin ensimm\u00e4ist\u00e4 kertaa &#8221;Vuoden Nahjukset&#8221; ansiokkaasta toiminnasta Nahjuksen ja kyl\u00e4n hyv\u00e4ksi. Palkinto jaettiin Eero Hiiroselle ja Martti J\u00e4rviselle.<\/p>\n","protected":false},"excerpt":{"rendered":"<p>Kes\u00e4p\u00e4ivill\u00e4 palkittiin ensimm\u00e4ist\u00e4 kertaa &#8221;Vuoden Nahjukset&#8221; ansiokkaasta toiminnasta Nahjuksen ja kyl\u00e4n hyv\u00e4ksi. Palkinto jaettiin Eero Hiiroselle ja Martti J\u00e4rviselle.<\/p>\n","protected":false},"author":1,"featured_media":0,"comment_status":"open","ping_status":"open","sticky":false,"template":"","format":"standard","meta":{"jetpack_post_was_ever_published":false,"_jetpack_newsletter_access":"","_jetpack_dont_email_post_to_subs":false,"_jetpack_newsletter_tier_id":0,"_jetpack_memberships_contains_paywalled_content":false,"_jetpack_memberships_contains_paid_content":false,"footnotes":"","jetpack_publicize_message":"","jetpack_publicize_feature_enabled":true,"jetpack_social_post_already_shared":false,"jetpack_social_options":{"image_generator_settings":{"template":"highway","default_image_id":0,"font":"","enabled":false},"version":2}},"categories":[14],"tags":[],"class_list":["post-127","post","type-post","status-publish","format-standard","hentry","category-kesapaivat"],"jetpack_publicize_connections":[],"jetpack_featured_media_url":"","jetpack_sharing_enabled":true,"jetpack_shortlink":"https:\/\/wp.me\/p8BHJU-23","jetpack-related-posts":[],"_links":{"self":[{"href":"https:\/\/www.kalmarinkyla.net\/index.php?rest_route=\/wp\/v2\/posts\/127","targetHints":{"allow":["GET"]}}],"collection":[{"href":"https:\/\/www.kalmarinkyla.net\/index.php?rest_route=\/wp\/v2\/posts"}],"about":[{"href":"https:\/\/www.kalmarinkyla.net\/index.php?rest_route=\/wp\/v2\/types\/post"}],"author":[{"embeddable":true,"href":"https:\/\/www.kalmarinkyla.net\/index.php?rest_route=\/wp\/v2\/users\/1"}],"replies":[{"embeddable":true,"href":"https:\/\/www.kalmarinkyla.net\/index.php?rest_route=%2Fwp%2Fv2%2Fcomments&post=127"}],"version-history":[{"count":1,"href":"https:\/\/www.kalmarinkyla.net\/index.php?rest_route=\/wp\/v2\/posts\/127\/revisions"}],"predecessor-version":[{"id":128,"href":"https:\/\/www.kalmarinkyla.net\/index.php?rest_route=\/wp\/v2\/posts\/127\/revisions\/128"}],"wp:attachment":[{"href":"https:\/\/www.kalmarinkyla.net\/index.php?rest_route=%2Fwp%2Fv2%2Fmedia&parent=127"}],"wp:term":[{"taxonomy":"category","embeddable":true,"href":"https:\/\/www.kalmarinkyla.net\/index.php?rest_route=%2Fwp%2Fv2%2Fcategories&post=127"},{"taxonomy":"post_tag","embeddable":true,"href":"https:\/\/www.kalmarinkyla.net\/index.php?rest_route=%2Fwp%2Fv2%2Ftags&post=127"}],"curies":[{"name":"wp","href":"https:\/\/api.w.org\/{rel}","templated":true}]}}