{"id":1294,"date":"2017-11-05T10:38:29","date_gmt":"2017-11-05T08:38:29","guid":{"rendered":"http:\/\/www.kalmarinkyla.net\/?p=1294"},"modified":"2017-11-05T10:38:29","modified_gmt":"2017-11-05T08:38:29","slug":"valokuitu-tulee-kalmariin-info-15-11-klo-19-nahjuksella","status":"publish","type":"post","link":"https:\/\/www.kalmarinkyla.net\/?p=1294","title":{"rendered":"Valokuitu tulee Kalmariin! Info 15.11. klo 19 Nahjuksella"},"content":{"rendered":"<div id=\"fb-root\"><\/div>\n<p>Keski-Suomen Valokuituverkot Oy on k\u00e4ynnist\u00e4nyt valokuituliittym\u00e4kampanjan Kalmariin. Valokuitu on tarkoitus rakentaa kes\u00e4ll\u00e4 2018.\u00a0Kampanja-alueella on mahdollisuus hankkia valokuituliittym\u00e4<strong>\u00a0<\/strong>edulliseen kampanjahintaan\u00a0750 \u20ac\u00a0(sis. alv 24%). Hanke toteutuu mik\u00e4li liittyji\u00e4 saadaan tarpeeksi monta. K-S Valkokuituverkot asentaa valokuituliittym\u00e4n k\u00e4ytt\u00f6valmiina kokonaispakettina. Liittym\u00e4tilauksen lis\u00e4ksi asiakkaalta edellytet\u00e4\u00e4n 24 kk:n pituista Valonetti-internetpalvelusopimusta. Huomion arvoista on, ett\u00e4 liittym\u00e4st\u00e4 ei tarvitse maksaa ennen kuin piuhat on sein\u00e4ss\u00e4 ja liittym\u00e4 toimii!<\/p>\n<p><strong>Kalmarissa j\u00e4rjestet\u00e4\u00e4n info 15.11. klo 19 Nahjuksella hankeeseen liittyen.<\/strong><\/p>\n<p>Lis\u00e4tietoja: Toni Haapakoski 040 521 8019, toni.haapakoski@pp2.inet.fi<\/p>\n<p>Lis\u00e4tietoa Valonetti-tuotteista l\u00f6yd\u00e4t\u00a0<a class=\"extLink\" href=\"https:\/\/ksvv.fi\/liittyma-ja-palvelu\/\" target=\"_blank\" rel=\"noopener\">t\u00e4\u00e4lt\u00e4<\/a>.<\/p>\n<p>Tutustu Kalmarin kampanjan esitteeseen <a href=\"https:\/\/ksvv.fi\/wp-content\/uploads\/2017\/09\/Kampanjaesite-Kalmari.pdf\" target=\"_blank\" rel=\"noopener\">t\u00e4\u00e4ll\u00e4<\/a>.<\/p>\n<p>Kampanja-alueen ulkopuolelle j\u00e4\u00e4vi\u00e4 kiinteist\u00f6j\u00e4 tarkastellaan tapauskohtaisesti, tule rohkeasti mukaan infoon!<\/p>\n<p><img data-recalc-dims=\"1\" loading=\"lazy\" decoding=\"async\" data-attachment-id=\"1295\" data-permalink=\"https:\/\/www.kalmarinkyla.net\/?attachment_id=1295\" data-orig-file=\"https:\/\/i0.wp.com\/www.kalmarinkyla.net\/wp\/wp-content\/uploads\/Valokuitu-Kalmarin-alue.jpg?fit=1706%2C1535&amp;ssl=1\" data-orig-size=\"1706,1535\" data-comments-opened=\"1\" data-image-meta=\"{&quot;aperture&quot;:&quot;0&quot;,&quot;credit&quot;:&quot;&quot;,&quot;camera&quot;:&quot;&quot;,&quot;caption&quot;:&quot;&quot;,&quot;created_timestamp&quot;:&quot;0&quot;,&quot;copyright&quot;:&quot;&quot;,&quot;focal_length&quot;:&quot;0&quot;,&quot;iso&quot;:&quot;0&quot;,&quot;shutter_speed&quot;:&quot;0&quot;,&quot;title&quot;:&quot;&quot;,&quot;orientation&quot;:&quot;0&quot;}\" data-image-title=\"Valokuitu Kalmarin alue\" data-image-description=\"\" data-image-caption=\"\" data-large-file=\"https:\/\/i0.wp.com\/www.kalmarinkyla.net\/wp\/wp-content\/uploads\/Valokuitu-Kalmarin-alue.jpg?fit=700%2C630&amp;ssl=1\" class=\"alignleft size-full wp-image-1295\" src=\"https:\/\/i0.wp.com\/www.kalmarinkyla.net\/wp\/wp-content\/uploads\/Valokuitu-Kalmarin-alue.jpg?resize=700%2C630\" alt=\"\" width=\"700\" height=\"630\" srcset=\"https:\/\/i0.wp.com\/www.kalmarinkyla.net\/wp\/wp-content\/uploads\/Valokuitu-Kalmarin-alue.jpg?w=1706&amp;ssl=1 1706w, https:\/\/i0.wp.com\/www.kalmarinkyla.net\/wp\/wp-content\/uploads\/Valokuitu-Kalmarin-alue.jpg?resize=300%2C270&amp;ssl=1 300w, https:\/\/i0.wp.com\/www.kalmarinkyla.net\/wp\/wp-content\/uploads\/Valokuitu-Kalmarin-alue.jpg?resize=768%2C691&amp;ssl=1 768w, https:\/\/i0.wp.com\/www.kalmarinkyla.net\/wp\/wp-content\/uploads\/Valokuitu-Kalmarin-alue.jpg?resize=1024%2C921&amp;ssl=1 1024w, https:\/\/i0.wp.com\/www.kalmarinkyla.net\/wp\/wp-content\/uploads\/Valokuitu-Kalmarin-alue.jpg?w=1400&amp;ssl=1 1400w\" sizes=\"auto, (max-width: 700px) 100vw, 700px\" \/><\/p>\n","protected":false},"excerpt":{"rendered":"<p>Keski-Suomen Valokuituverkot Oy on k\u00e4ynnist\u00e4nyt valokuituliittym\u00e4kampanjan Kalmariin. Valokuitu on tarkoitus rakentaa kes\u00e4ll\u00e4 2018.\u00a0Kampanja-alueella on mahdollisuus hankkia valokuituliittym\u00e4\u00a0edulliseen kampanjahintaan\u00a0750 \u20ac\u00a0(sis. alv 24%). Hanke toteutuu mik\u00e4li liittyji\u00e4 saadaan tarpeeksi monta. K-S Valkokuituverkot asentaa valokuituliittym\u00e4n k\u00e4ytt\u00f6valmiina kokonaispakettina. Liittym\u00e4tilauksen lis\u00e4ksi asiakkaalta edellytet\u00e4\u00e4n 24 kk:n&hellip; <\/p>\n","protected":false},"author":3,"featured_media":0,"comment_status":"open","ping_status":"open","sticky":false,"template":"","format":"standard","meta":{"jetpack_post_was_ever_published":false,"_jetpack_newsletter_access":"","_jetpack_dont_email_post_to_subs":false,"_jetpack_newsletter_tier_id":0,"_jetpack_memberships_contains_paywalled_content":false,"_jetpack_memberships_contains_paid_content":false,"footnotes":"","jetpack_publicize_message":"","jetpack_publicize_feature_enabled":true,"jetpack_social_post_already_shared":true,"jetpack_social_options":{"image_generator_settings":{"template":"highway","default_image_id":0,"font":"","enabled":false},"version":2}},"categories":[1],"tags":[],"class_list":["post-1294","post","type-post","status-publish","format-standard","hentry","category-yleiset"],"jetpack_publicize_connections":[],"jetpack_featured_media_url":"","jetpack_sharing_enabled":true,"jetpack_shortlink":"https:\/\/wp.me\/p8BHJU-kS","jetpack-related-posts":[],"_links":{"self":[{"href":"https:\/\/www.kalmarinkyla.net\/index.php?rest_route=\/wp\/v2\/posts\/1294","targetHints":{"allow":["GET"]}}],"collection":[{"href":"https:\/\/www.kalmarinkyla.net\/index.php?rest_route=\/wp\/v2\/posts"}],"about":[{"href":"https:\/\/www.kalmarinkyla.net\/index.php?rest_route=\/wp\/v2\/types\/post"}],"author":[{"embeddable":true,"href":"https:\/\/www.kalmarinkyla.net\/index.php?rest_route=\/wp\/v2\/users\/3"}],"replies":[{"embeddable":true,"href":"https:\/\/www.kalmarinkyla.net\/index.php?rest_route=%2Fwp%2Fv2%2Fcomments&post=1294"}],"version-history":[{"count":1,"href":"https:\/\/www.kalmarinkyla.net\/index.php?rest_route=\/wp\/v2\/posts\/1294\/revisions"}],"predecessor-version":[{"id":1296,"href":"https:\/\/www.kalmarinkyla.net\/index.php?rest_route=\/wp\/v2\/posts\/1294\/revisions\/1296"}],"wp:attachment":[{"href":"https:\/\/www.kalmarinkyla.net\/index.php?rest_route=%2Fwp%2Fv2%2Fmedia&parent=1294"}],"wp:term":[{"taxonomy":"category","embeddable":true,"href":"https:\/\/www.kalmarinkyla.net\/index.php?rest_route=%2Fwp%2Fv2%2Fcategories&post=1294"},{"taxonomy":"post_tag","embeddable":true,"href":"https:\/\/www.kalmarinkyla.net\/index.php?rest_route=%2Fwp%2Fv2%2Ftags&post=1294"}],"curies":[{"name":"wp","href":"https:\/\/api.w.org\/{rel}","templated":true}]}}