{"id":1301,"date":"2018-01-18T21:00:14","date_gmt":"2018-01-18T19:00:14","guid":{"rendered":"http:\/\/www.kalmarinkyla.net\/?p=1301"},"modified":"2018-01-18T21:32:59","modified_gmt":"2018-01-18T19:32:59","slug":"kalmarin-luistelukausi-on-avattu","status":"publish","type":"post","link":"https:\/\/www.kalmarinkyla.net\/?p=1301","title":{"rendered":"Kalmarin luistelukausi on avattu!"},"content":{"rendered":"<div id=\"fb-root\"><\/div>\n<p><img data-recalc-dims=\"1\" loading=\"lazy\" decoding=\"async\" data-attachment-id=\"1302\" data-permalink=\"https:\/\/www.kalmarinkyla.net\/?attachment_id=1302\" data-orig-file=\"https:\/\/i0.wp.com\/www.kalmarinkyla.net\/wp\/wp-content\/uploads\/201801-J%C3%A4%C3%A4kiekkokaukalo-kuva-Mikko-Eerola.jpg?fit=1328%2C747&amp;ssl=1\" data-orig-size=\"1328,747\" data-comments-opened=\"1\" data-image-meta=\"{&quot;aperture&quot;:&quot;0&quot;,&quot;credit&quot;:&quot;&quot;,&quot;camera&quot;:&quot;&quot;,&quot;caption&quot;:&quot;&quot;,&quot;created_timestamp&quot;:&quot;0&quot;,&quot;copyright&quot;:&quot;&quot;,&quot;focal_length&quot;:&quot;0&quot;,&quot;iso&quot;:&quot;0&quot;,&quot;shutter_speed&quot;:&quot;0&quot;,&quot;title&quot;:&quot;&quot;,&quot;orientation&quot;:&quot;0&quot;}\" data-image-title=\"201801 J\u00e4\u00e4kiekkokaukalo1\" data-image-description=\"\" data-image-caption=\"\" data-large-file=\"https:\/\/i0.wp.com\/www.kalmarinkyla.net\/wp\/wp-content\/uploads\/201801-J%C3%A4%C3%A4kiekkokaukalo-kuva-Mikko-Eerola.jpg?fit=700%2C394&amp;ssl=1\" class=\"aligncenter wp-image-1302\" src=\"https:\/\/i0.wp.com\/www.kalmarinkyla.net\/wp\/wp-content\/uploads\/201801-J%C3%A4%C3%A4kiekkokaukalo-kuva-Mikko-Eerola-1024x576.jpg?resize=436%2C245\" alt=\"\" width=\"436\" height=\"245\" srcset=\"https:\/\/i0.wp.com\/www.kalmarinkyla.net\/wp\/wp-content\/uploads\/201801-J%C3%A4%C3%A4kiekkokaukalo-kuva-Mikko-Eerola.jpg?resize=1024%2C576&amp;ssl=1 1024w, https:\/\/i0.wp.com\/www.kalmarinkyla.net\/wp\/wp-content\/uploads\/201801-J%C3%A4%C3%A4kiekkokaukalo-kuva-Mikko-Eerola.jpg?resize=300%2C169&amp;ssl=1 300w, https:\/\/i0.wp.com\/www.kalmarinkyla.net\/wp\/wp-content\/uploads\/201801-J%C3%A4%C3%A4kiekkokaukalo-kuva-Mikko-Eerola.jpg?resize=768%2C432&amp;ssl=1 768w, https:\/\/i0.wp.com\/www.kalmarinkyla.net\/wp\/wp-content\/uploads\/201801-J%C3%A4%C3%A4kiekkokaukalo-kuva-Mikko-Eerola.jpg?w=1328&amp;ssl=1 1328w\" sizes=\"auto, (max-width: 436px) 100vw, 436px\" \/>Muutaman vuoden tauon j\u00e4lkeen talven s\u00e4\u00e4t ovat suosineet ja koulun j\u00e4\u00e4kiekkokaukalon j\u00e4\u00e4 on saatu luistelukuntoon! Suuret kiitokset talkooporukalle Heikki, Jyri, Vellu ja kumppanit!<\/p>\n<p>Kaukalo on vapaasti k\u00e4ytett\u00e4viss\u00e4 ja ahkeraa k\u00e4ytt\u00f6\u00e4 toivotaan. Valot kaukalolle syttyv\u00e4t luistelukopin ulkopuolelta. Kopin ovet ovat auki ja sis\u00e4ll\u00e4 olevaa l\u00e4mmitint\u00e4 saa k\u00e4ytt\u00e4\u00e4. Muista\u00a0<span style=\"font-size: 14px;\">sammuuttaa valot ja l\u00e4mmittin l\u00e4htiess\u00e4si.\u00a0<\/span><\/p>\n<p>&nbsp;<\/p>\n<p>&nbsp;<\/p>\n<p><img data-recalc-dims=\"1\" loading=\"lazy\" decoding=\"async\" data-attachment-id=\"1303\" data-permalink=\"https:\/\/www.kalmarinkyla.net\/?attachment_id=1303\" data-orig-file=\"https:\/\/i0.wp.com\/www.kalmarinkyla.net\/wp\/wp-content\/uploads\/201801-J%C3%A4%C3%A4kiekkokaukalo-kuva-Veli-Nyr%C3%B6nen.jpg?fit=1328%2C747&amp;ssl=1\" data-orig-size=\"1328,747\" data-comments-opened=\"1\" data-image-meta=\"{&quot;aperture&quot;:&quot;0&quot;,&quot;credit&quot;:&quot;&quot;,&quot;camera&quot;:&quot;&quot;,&quot;caption&quot;:&quot;&quot;,&quot;created_timestamp&quot;:&quot;0&quot;,&quot;copyright&quot;:&quot;&quot;,&quot;focal_length&quot;:&quot;0&quot;,&quot;iso&quot;:&quot;0&quot;,&quot;shutter_speed&quot;:&quot;0&quot;,&quot;title&quot;:&quot;&quot;,&quot;orientation&quot;:&quot;0&quot;}\" data-image-title=\"201801 J\u00e4\u00e4kiekkokaukalo2\" data-image-description=\"\" data-image-caption=\"\" data-large-file=\"https:\/\/i0.wp.com\/www.kalmarinkyla.net\/wp\/wp-content\/uploads\/201801-J%C3%A4%C3%A4kiekkokaukalo-kuva-Veli-Nyr%C3%B6nen.jpg?fit=700%2C394&amp;ssl=1\" class=\"wp-image-1303 aligncenter\" src=\"https:\/\/i0.wp.com\/www.kalmarinkyla.net\/wp\/wp-content\/uploads\/201801-J%C3%A4%C3%A4kiekkokaukalo-kuva-Veli-Nyr%C3%B6nen.jpg?resize=429%2C241\" alt=\"\" width=\"429\" height=\"241\" srcset=\"https:\/\/i0.wp.com\/www.kalmarinkyla.net\/wp\/wp-content\/uploads\/201801-J%C3%A4%C3%A4kiekkokaukalo-kuva-Veli-Nyr%C3%B6nen.jpg?w=1328&amp;ssl=1 1328w, https:\/\/i0.wp.com\/www.kalmarinkyla.net\/wp\/wp-content\/uploads\/201801-J%C3%A4%C3%A4kiekkokaukalo-kuva-Veli-Nyr%C3%B6nen.jpg?resize=300%2C169&amp;ssl=1 300w, https:\/\/i0.wp.com\/www.kalmarinkyla.net\/wp\/wp-content\/uploads\/201801-J%C3%A4%C3%A4kiekkokaukalo-kuva-Veli-Nyr%C3%B6nen.jpg?resize=768%2C432&amp;ssl=1 768w, https:\/\/i0.wp.com\/www.kalmarinkyla.net\/wp\/wp-content\/uploads\/201801-J%C3%A4%C3%A4kiekkokaukalo-kuva-Veli-Nyr%C3%B6nen.jpg?resize=1024%2C576&amp;ssl=1 1024w\" sizes=\"auto, (max-width: 429px) 100vw, 429px\" \/><\/p>\n","protected":false},"excerpt":{"rendered":"<p>Muutaman vuoden tauon j\u00e4lkeen talven s\u00e4\u00e4t ovat suosineet ja koulun j\u00e4\u00e4kiekkokaukalon j\u00e4\u00e4 on saatu luistelukuntoon! Suuret kiitokset talkooporukalle Heikki, Jyri, Vellu ja kumppanit! Kaukalo on vapaasti k\u00e4ytett\u00e4viss\u00e4 ja ahkeraa k\u00e4ytt\u00f6\u00e4 toivotaan. Valot kaukalolle syttyv\u00e4t luistelukopin ulkopuolelta. Kopin ovet ovat auki&hellip; <\/p>\n","protected":false},"author":3,"featured_media":0,"comment_status":"open","ping_status":"open","sticky":false,"template":"","format":"standard","meta":{"jetpack_post_was_ever_published":false,"_jetpack_newsletter_access":"","_jetpack_dont_email_post_to_subs":false,"_jetpack_newsletter_tier_id":0,"_jetpack_memberships_contains_paywalled_content":false,"_jetpack_memberships_contains_paid_content":false,"footnotes":"","jetpack_publicize_message":"","jetpack_publicize_feature_enabled":true,"jetpack_social_post_already_shared":true,"jetpack_social_options":{"image_generator_settings":{"template":"highway","default_image_id":0,"font":"","enabled":false},"version":2}},"categories":[1],"tags":[],"class_list":["post-1301","post","type-post","status-publish","format-standard","hentry","category-yleiset"],"jetpack_publicize_connections":[],"jetpack_featured_media_url":"","jetpack_sharing_enabled":false,"jetpack_shortlink":"https:\/\/wp.me\/p8BHJU-kZ","jetpack-related-posts":[],"_links":{"self":[{"href":"https:\/\/www.kalmarinkyla.net\/index.php?rest_route=\/wp\/v2\/posts\/1301","targetHints":{"allow":["GET"]}}],"collection":[{"href":"https:\/\/www.kalmarinkyla.net\/index.php?rest_route=\/wp\/v2\/posts"}],"about":[{"href":"https:\/\/www.kalmarinkyla.net\/index.php?rest_route=\/wp\/v2\/types\/post"}],"author":[{"embeddable":true,"href":"https:\/\/www.kalmarinkyla.net\/index.php?rest_route=\/wp\/v2\/users\/3"}],"replies":[{"embeddable":true,"href":"https:\/\/www.kalmarinkyla.net\/index.php?rest_route=%2Fwp%2Fv2%2Fcomments&post=1301"}],"version-history":[{"count":8,"href":"https:\/\/www.kalmarinkyla.net\/index.php?rest_route=\/wp\/v2\/posts\/1301\/revisions"}],"predecessor-version":[{"id":1314,"href":"https:\/\/www.kalmarinkyla.net\/index.php?rest_route=\/wp\/v2\/posts\/1301\/revisions\/1314"}],"wp:attachment":[{"href":"https:\/\/www.kalmarinkyla.net\/index.php?rest_route=%2Fwp%2Fv2%2Fmedia&parent=1301"}],"wp:term":[{"taxonomy":"category","embeddable":true,"href":"https:\/\/www.kalmarinkyla.net\/index.php?rest_route=%2Fwp%2Fv2%2Fcategories&post=1301"},{"taxonomy":"post_tag","embeddable":true,"href":"https:\/\/www.kalmarinkyla.net\/index.php?rest_route=%2Fwp%2Fv2%2Ftags&post=1301"}],"curies":[{"name":"wp","href":"https:\/\/api.w.org\/{rel}","templated":true}]}}