{"id":131,"date":"2015-04-25T15:59:05","date_gmt":"2015-04-25T12:59:05","guid":{"rendered":"http:\/\/www.kalmarinkyla.net\/wp\/?p=131"},"modified":"2017-03-14T14:23:20","modified_gmt":"2017-03-14T12:23:20","slug":"kaupunginvaltuusto-paatti-pitaa-voimassa-paatoksensa-kalmarin-koulun-lakkauttamisesta","status":"publish","type":"post","link":"https:\/\/www.kalmarinkyla.net\/?p=131","title":{"rendered":"Kaupunginvaltuusto p\u00e4\u00e4tti pit\u00e4\u00e4 voimassa p\u00e4\u00e4t\u00f6ksens\u00e4 Kalmarin koulun lakkauttamisesta"},"content":{"rendered":"<div id=\"fb-root\"><\/div>\n<p><i>Lis\u00e4tty: 25.4.2015<\/i><\/p>\n<p>Saarij\u00e4rven kaupunginvaltuusto p\u00e4\u00e4tti 21.4.2015 pit\u00e4m\u00e4ss\u00e4\u00e4n kokouksessa pit\u00e4\u00e4 voimassa aiemman p\u00e4\u00e4t\u00f6ksens\u00e4 Kalmarin koulun lakkauttamisesta kev\u00e4\u00e4ll\u00e4 2015 \u00e4\u00e4nin 20-13 (1 tyhj\u00e4, 1 poissa).<\/p>\n<p>N\u00e4in valtuusto p\u00e4\u00e4tti olla huomioimatta alkuper\u00e4isen kouluverkkoselvityksen ehdotukset, oppilasm\u00e4\u00e4rien kehitysennusteet, kuntalaisaloitteen ja uudet kustannuslaskelmat. Laskelmien perusteella alkuper\u00e4isen kouluverkkoselvityksen mukainen ratkaisu, jossa Kolkanlahden koulu olisi liitetty Heraj\u00e4rven kouluun ja Kalmarin koulu jatkanut entisell\u00e4\u00e4n, olisi tullut maksamaan kymmeni\u00e4tuhansia euroja v\u00e4hemm\u00e4n. Ratkaisun tullessa voimaan Kalmarin oppilaat siirtyv\u00e4t kuljetusoppilaiksi. Ennusteen mukaan oppilaita Kalmarin alueella on l\u00e4hivuosina 25-30 (Kolkanlahdessa 17 tai alle).<\/p>\n<p>Kalmarin koulun s\u00e4ilytt\u00e4mist\u00e4 kannattivat Petri Honkonen, Mikko Kallio, Tapani Kankaanp\u00e4\u00e4, Tuire Kettunen, Carita Leinonen, Martti Luotola, Kari Nuopponen, Anu Piesanen, Riitta Pirttiniemi, Teuvo Poikonen, Jukka Ruunaniemi, Seija Talaskivi ja Piia Varism\u00e4ki.<\/p>\n<p>Kalmarin koulun lakkauttamista kannattivat Raimo Hyyti\u00e4inen, Kati H\u00e4nninen, Eero Kinnunen, Arja Koskenlahti, Gunnar Kotam\u00e4ki, Pulmu Kuorelahti-Juntunen, Aaro Lahtinen, Harri Lehtinen, Pekka M\u00e4enp\u00e4\u00e4, Hannu Ollikainen, Seppo Patama, Jorma Rautjoki, Arto Rissanen, Antti Siikaranta, Maarit Sironen, Ritva Sneck-Ruotsalainen, Matti Tannerm\u00e4ki, Pentti Tuomi, Sami Tuominen ja Olavi Vuori.<\/p>\n<p>Tyhj\u00e4\u00e4 \u00e4\u00e4nesti Esa J\u00e4rvinen<\/p>\n","protected":false},"excerpt":{"rendered":"<p>Lis\u00e4tty: 25.4.2015 Saarij\u00e4rven kaupunginvaltuusto p\u00e4\u00e4tti 21.4.2015 pit\u00e4m\u00e4ss\u00e4\u00e4n kokouksessa pit\u00e4\u00e4 voimassa aiemman p\u00e4\u00e4t\u00f6ksens\u00e4 Kalmarin koulun lakkauttamisesta kev\u00e4\u00e4ll\u00e4 2015 \u00e4\u00e4nin 20-13 (1 tyhj\u00e4, 1 poissa). N\u00e4in valtuusto p\u00e4\u00e4tti olla huomioimatta alkuper\u00e4isen kouluverkkoselvityksen ehdotukset, oppilasm\u00e4\u00e4rien kehitysennusteet, kuntalaisaloitteen ja uudet kustannuslaskelmat. Laskelmien perusteella alkuper\u00e4isen&hellip; <\/p>\n","protected":false},"author":1,"featured_media":0,"comment_status":"open","ping_status":"open","sticky":false,"template":"","format":"standard","meta":{"jetpack_post_was_ever_published":false,"_jetpack_newsletter_access":"","_jetpack_dont_email_post_to_subs":false,"_jetpack_newsletter_tier_id":0,"_jetpack_memberships_contains_paywalled_content":false,"_jetpack_memberships_contains_paid_content":false,"footnotes":"","jetpack_publicize_message":"","jetpack_publicize_feature_enabled":true,"jetpack_social_post_already_shared":false,"jetpack_social_options":{"image_generator_settings":{"template":"highway","default_image_id":0,"font":"","enabled":false},"version":2}},"categories":[5,4,1],"tags":[],"class_list":["post-131","post","type-post","status-publish","format-standard","hentry","category-palvelut","category-uutiset","category-yleiset"],"jetpack_publicize_connections":[],"jetpack_featured_media_url":"","jetpack_sharing_enabled":true,"jetpack_shortlink":"https:\/\/wp.me\/p8BHJU-27","jetpack-related-posts":[],"_links":{"self":[{"href":"https:\/\/www.kalmarinkyla.net\/index.php?rest_route=\/wp\/v2\/posts\/131","targetHints":{"allow":["GET"]}}],"collection":[{"href":"https:\/\/www.kalmarinkyla.net\/index.php?rest_route=\/wp\/v2\/posts"}],"about":[{"href":"https:\/\/www.kalmarinkyla.net\/index.php?rest_route=\/wp\/v2\/types\/post"}],"author":[{"embeddable":true,"href":"https:\/\/www.kalmarinkyla.net\/index.php?rest_route=\/wp\/v2\/users\/1"}],"replies":[{"embeddable":true,"href":"https:\/\/www.kalmarinkyla.net\/index.php?rest_route=%2Fwp%2Fv2%2Fcomments&post=131"}],"version-history":[{"count":1,"href":"https:\/\/www.kalmarinkyla.net\/index.php?rest_route=\/wp\/v2\/posts\/131\/revisions"}],"predecessor-version":[{"id":132,"href":"https:\/\/www.kalmarinkyla.net\/index.php?rest_route=\/wp\/v2\/posts\/131\/revisions\/132"}],"wp:attachment":[{"href":"https:\/\/www.kalmarinkyla.net\/index.php?rest_route=%2Fwp%2Fv2%2Fmedia&parent=131"}],"wp:term":[{"taxonomy":"category","embeddable":true,"href":"https:\/\/www.kalmarinkyla.net\/index.php?rest_route=%2Fwp%2Fv2%2Fcategories&post=131"},{"taxonomy":"post_tag","embeddable":true,"href":"https:\/\/www.kalmarinkyla.net\/index.php?rest_route=%2Fwp%2Fv2%2Ftags&post=131"}],"curies":[{"name":"wp","href":"https:\/\/api.w.org\/{rel}","templated":true}]}}