{"id":1316,"date":"2018-02-11T18:09:28","date_gmt":"2018-02-11T16:09:28","guid":{"rendered":"http:\/\/www.kalmarinkyla.net\/?p=1316"},"modified":"2018-02-11T18:09:28","modified_gmt":"2018-02-11T16:09:28","slug":"kevaan-2018-keskusteluillat-nahjuksella","status":"publish","type":"post","link":"https:\/\/www.kalmarinkyla.net\/?p=1316","title":{"rendered":"Kev\u00e4\u00e4n 2018 keskusteluillat Nahjuksella"},"content":{"rendered":"<div id=\"fb-root\"><\/div>\n<p>Kalmarin Nahjuksella j\u00e4rjestet\u00e4\u00e4n kev\u00e4\u00e4ll\u00e4 2018 mielenkiintoinen keskusteluiltojen sarja.<\/p>\n<p class=\"x_MsoNormal\">Ke 21.2.2018 klo 19 aloittaa Biotalousinstituutin johtaja Minna Lappalainen aiheella: \u201dMiten Biotalousinstituutti on mukana alueen maaseudun kehitt\u00e4misess\u00e4 ja kansainv\u00e4listymisess\u00e4?\u201d<\/p>\n<p class=\"x_MsoNormal\">Ke 28.3.2018 on vuorossa K-S Ely-keskuksen johtaja Pasi Patrikainen ja<\/p>\n<p class=\"x_MsoNormal\">To 12.4.2018 valtiovarainministeri\u00f6n kansliap\u00e4\u00e4llikk\u00f6 Martti Hetem\u00e4ki.<\/p>\n<p class=\"x_MsoNormal\">\n<p class=\"x_MsoNormal\">Kahvitarjoilu!<\/p>\n<p class=\"x_MsoNormal\">Tervetuloa l\u00e4helt\u00e4 ja kaukaa toivottavat Kalmarin Nahjus, SSYP Kehitys Oy ja MTK Keski-Suomi\/ Toivo! \u2013tiedonv\u00e4lityshanke<\/p>\n<p class=\"x_MsoNormal\"><img data-recalc-dims=\"1\" loading=\"lazy\" decoding=\"async\" data-attachment-id=\"32\" data-permalink=\"https:\/\/www.kalmarinkyla.net\/?attachment_id=32\" data-orig-file=\"https:\/\/i0.wp.com\/www.kalmarinkyla.net\/wp\/wp-content\/uploads\/2017\/03\/Nahjus_logo1.jpg?fit=200%2C220&amp;ssl=1\" data-orig-size=\"200,220\" data-comments-opened=\"1\" data-image-meta=\"{&quot;aperture&quot;:&quot;0&quot;,&quot;credit&quot;:&quot;&quot;,&quot;camera&quot;:&quot;&quot;,&quot;caption&quot;:&quot;&quot;,&quot;created_timestamp&quot;:&quot;0&quot;,&quot;copyright&quot;:&quot;&quot;,&quot;focal_length&quot;:&quot;0&quot;,&quot;iso&quot;:&quot;0&quot;,&quot;shutter_speed&quot;:&quot;0&quot;,&quot;title&quot;:&quot;&quot;,&quot;orientation&quot;:&quot;1&quot;}\" data-image-title=\"Nahjuksen logo\" data-image-description=\"\" data-image-caption=\"\" data-large-file=\"https:\/\/i0.wp.com\/www.kalmarinkyla.net\/wp\/wp-content\/uploads\/2017\/03\/Nahjus_logo1.jpg?fit=200%2C220&amp;ssl=1\" class=\"wp-image-32 alignleft\" src=\"https:\/\/i0.wp.com\/www.kalmarinkyla.net\/wp\/wp-content\/uploads\/2017\/03\/Nahjus_logo1.jpg?resize=108%2C119\" alt=\"\" width=\"108\" height=\"119\" \/><\/p>\n<p><img data-recalc-dims=\"1\" decoding=\"async\" class=\"alignleft\" src=\"https:\/\/i0.wp.com\/www.mtk.fi\/liitot\/keskisuomi\/hankkeet\/Toivo\/fi_FI\/Toivo_etusivu\/_files\/98209937495556636\/default\/ToivologoLiputon.JPG?w=700&#038;ssl=1\" alt=\"ToivologoLiputon.JPG\" \/><\/p>\n<p><img data-recalc-dims=\"1\" loading=\"lazy\" decoding=\"async\" class=\"alignleft\" src=\"https:\/\/i0.wp.com\/www.ssypkehitys.fi\/themes\/site_themes\/ssyp2012\/images\/logo-ssyp-kehitys-oy.png?resize=252%2C64\" width=\"252\" height=\"64\" \/><\/p>\n<p>&nbsp;<\/p>\n","protected":false},"excerpt":{"rendered":"<p>Kalmarin Nahjuksella j\u00e4rjestet\u00e4\u00e4n kev\u00e4\u00e4ll\u00e4 2018 mielenkiintoinen keskusteluiltojen sarja. Ke 21.2.2018 klo 19 aloittaa Biotalousinstituutin johtaja Minna Lappalainen aiheella: \u201dMiten Biotalousinstituutti on mukana alueen maaseudun kehitt\u00e4misess\u00e4 ja kansainv\u00e4listymisess\u00e4?\u201d Ke 28.3.2018 on vuorossa K-S Ely-keskuksen johtaja Pasi Patrikainen ja To 12.4.2018 valtiovarainministeri\u00f6n&hellip; <\/p>\n","protected":false},"author":3,"featured_media":0,"comment_status":"open","ping_status":"open","sticky":false,"template":"","format":"standard","meta":{"jetpack_post_was_ever_published":false,"_jetpack_newsletter_access":"","_jetpack_dont_email_post_to_subs":false,"_jetpack_newsletter_tier_id":0,"_jetpack_memberships_contains_paywalled_content":false,"_jetpack_memberships_contains_paid_content":false,"footnotes":"","jetpack_publicize_message":"","jetpack_publicize_feature_enabled":true,"jetpack_social_post_already_shared":true,"jetpack_social_options":{"image_generator_settings":{"template":"highway","default_image_id":0,"font":"","enabled":false},"version":2}},"categories":[1],"tags":[],"class_list":["post-1316","post","type-post","status-publish","format-standard","hentry","category-yleiset"],"jetpack_publicize_connections":[],"jetpack_featured_media_url":"","jetpack_sharing_enabled":true,"jetpack_shortlink":"https:\/\/wp.me\/p8BHJU-le","jetpack-related-posts":[],"_links":{"self":[{"href":"https:\/\/www.kalmarinkyla.net\/index.php?rest_route=\/wp\/v2\/posts\/1316","targetHints":{"allow":["GET"]}}],"collection":[{"href":"https:\/\/www.kalmarinkyla.net\/index.php?rest_route=\/wp\/v2\/posts"}],"about":[{"href":"https:\/\/www.kalmarinkyla.net\/index.php?rest_route=\/wp\/v2\/types\/post"}],"author":[{"embeddable":true,"href":"https:\/\/www.kalmarinkyla.net\/index.php?rest_route=\/wp\/v2\/users\/3"}],"replies":[{"embeddable":true,"href":"https:\/\/www.kalmarinkyla.net\/index.php?rest_route=%2Fwp%2Fv2%2Fcomments&post=1316"}],"version-history":[{"count":3,"href":"https:\/\/www.kalmarinkyla.net\/index.php?rest_route=\/wp\/v2\/posts\/1316\/revisions"}],"predecessor-version":[{"id":1319,"href":"https:\/\/www.kalmarinkyla.net\/index.php?rest_route=\/wp\/v2\/posts\/1316\/revisions\/1319"}],"wp:attachment":[{"href":"https:\/\/www.kalmarinkyla.net\/index.php?rest_route=%2Fwp%2Fv2%2Fmedia&parent=1316"}],"wp:term":[{"taxonomy":"category","embeddable":true,"href":"https:\/\/www.kalmarinkyla.net\/index.php?rest_route=%2Fwp%2Fv2%2Fcategories&post=1316"},{"taxonomy":"post_tag","embeddable":true,"href":"https:\/\/www.kalmarinkyla.net\/index.php?rest_route=%2Fwp%2Fv2%2Ftags&post=1316"}],"curies":[{"name":"wp","href":"https:\/\/api.w.org\/{rel}","templated":true}]}}