{"id":1320,"date":"2018-02-11T18:43:24","date_gmt":"2018-02-11T16:43:24","guid":{"rendered":"http:\/\/www.kalmarinkyla.net\/?p=1320"},"modified":"2018-02-11T18:43:24","modified_gmt":"2018-02-11T16:43:24","slug":"sydaniskuri-koulutus-ke-7-3","status":"publish","type":"post","link":"https:\/\/www.kalmarinkyla.net\/?p=1320","title":{"rendered":"Syd\u00e4niskuri koulutus ke 7.3."},"content":{"rendered":"<div id=\"fb-root\"><\/div>\n<p>Nahjus on hankkimassa Kalmariin defibrillaattoria eli syd\u00e4niskuria yhteisty\u00f6ss\u00e4 KanDee hankkeen kanssa.<\/p>\n<p>Kalmarissa olemme ensivasteajan (8 min) ulkopuolella, jonka vuoksi syd\u00e4niskuri saattaa olla eritt\u00e4in t\u00e4rke\u00e4ss\u00e4 roolissa. Karstulassa kyseinen syd\u00e4niskuri p\u00e4\u00e4si heti k\u00e4ytt\u00f6\u00f6n ja pelasti yhden hengen. Lue lis\u00e4\u00e4 <a href=\"https:\/\/www.jamk.fi\/fi\/Uutiset\/Ajankohtaista-JAMKissa\/vasta-hankittu-sydaniskuri-pelasti-ihmishengen-karstulassa\/\" target=\"_blank\" rel=\"noopener\">t\u00e4\u00e4lt\u00e4<\/a>.<\/p>\n<p>J\u00e4rjest\u00e4mme koulutuksen syd\u00e4niskurin k\u00e4ytt\u00f6\u00f6n keskiviikkona 7.3. klo 17. Ilmoittaudu mukaan 28.2. menness\u00e4 Iidalle (040 5295242 tai iida.eerola@hotmail.com).<\/p>\n<p><img data-recalc-dims=\"1\" loading=\"lazy\" decoding=\"async\" class=\"\" src=\"https:\/\/i0.wp.com\/sydanliitto.fi\/sites\/default\/files\/styles\/content_page_main_image_breakpoints_custom_base_mobile_1x\/public\/kandee.netti_.png?resize=216%2C122&#038;ssl=1\" width=\"216\" height=\"122\" \/><\/p>\n<p>&nbsp;<\/p>\n<p>KanDee -hankkeen\u00a0tarkoituksena\u00a0on\u00a0lis\u00e4t\u00e4\u00a0maaseudun\u00a0ja\u00a0haja\u2010asutusalueiden\u00a0 v\u00e4est\u00f6n\u00a0tiet\u00e4myst\u00e4\u00a0maallikkodefibrillaattoreiden olemassaolosta\u00a0ja\u00a0 sijainnista\u00a0sek\u00e4\u00a0maallikkoensiavun\u00a0ja\u00a0defibrillaation k\u00e4yt\u00f6n\u00a0t\u00e4rkeydest\u00e4.<br \/>\nLis\u00e4ksi\u00a0tarkoituksena\u00a0on\u00a0edist\u00e4\u00e4\u00a0koordinoitua\u00a0maallikkodefirillaattoreiden<br \/>\nlevitt\u00e4mist\u00e4\u00a0ja\u00a0kirjaamista\u00a0julkiseen\u00a0rekisteriin,\u00a0kouluttaa\u00a0vapaaehtoisia\u00a0ja<br \/>\nmuita\u00a0laitteen\u00a0sijoittelun\u00a0kannalta\u00a0keskeisi\u00e4\u00a0tahoja\u00a0elvytystaitoisten<br \/>\nsaajaverkostoksi\u00a0sek\u00e4\u00a0kehitt\u00e4\u00e4\u00a0linkityst\u00e4\u00a0vapaaehtoisten\u00a0auttajien\u00a0ja<br \/>\nh\u00e4t\u00e4keskuksen\u00a0v\u00e4lill\u00e4.<\/p>\n<p>&nbsp;<\/p>\n<p>&nbsp;<\/p>\n","protected":false},"excerpt":{"rendered":"<p>Nahjus on hankkimassa Kalmariin defibrillaattoria eli syd\u00e4niskuria yhteisty\u00f6ss\u00e4 KanDee hankkeen kanssa. Kalmarissa olemme ensivasteajan (8 min) ulkopuolella, jonka vuoksi syd\u00e4niskuri saattaa olla eritt\u00e4in t\u00e4rke\u00e4ss\u00e4 roolissa. Karstulassa kyseinen syd\u00e4niskuri p\u00e4\u00e4si heti k\u00e4ytt\u00f6\u00f6n ja pelasti yhden hengen. Lue lis\u00e4\u00e4 t\u00e4\u00e4lt\u00e4. J\u00e4rjest\u00e4mme koulutuksen&hellip; <\/p>\n","protected":false},"author":3,"featured_media":0,"comment_status":"open","ping_status":"open","sticky":false,"template":"","format":"standard","meta":{"jetpack_post_was_ever_published":false,"_jetpack_newsletter_access":"","_jetpack_dont_email_post_to_subs":false,"_jetpack_newsletter_tier_id":0,"_jetpack_memberships_contains_paywalled_content":false,"_jetpack_memberships_contains_paid_content":false,"footnotes":"","jetpack_publicize_message":"","jetpack_publicize_feature_enabled":true,"jetpack_social_post_already_shared":true,"jetpack_social_options":{"image_generator_settings":{"template":"highway","default_image_id":0,"font":"","enabled":false},"version":2}},"categories":[1],"tags":[],"class_list":["post-1320","post","type-post","status-publish","format-standard","hentry","category-yleiset"],"jetpack_publicize_connections":[],"jetpack_featured_media_url":"","jetpack_sharing_enabled":true,"jetpack_shortlink":"https:\/\/wp.me\/p8BHJU-li","jetpack-related-posts":[],"_links":{"self":[{"href":"https:\/\/www.kalmarinkyla.net\/index.php?rest_route=\/wp\/v2\/posts\/1320","targetHints":{"allow":["GET"]}}],"collection":[{"href":"https:\/\/www.kalmarinkyla.net\/index.php?rest_route=\/wp\/v2\/posts"}],"about":[{"href":"https:\/\/www.kalmarinkyla.net\/index.php?rest_route=\/wp\/v2\/types\/post"}],"author":[{"embeddable":true,"href":"https:\/\/www.kalmarinkyla.net\/index.php?rest_route=\/wp\/v2\/users\/3"}],"replies":[{"embeddable":true,"href":"https:\/\/www.kalmarinkyla.net\/index.php?rest_route=%2Fwp%2Fv2%2Fcomments&post=1320"}],"version-history":[{"count":2,"href":"https:\/\/www.kalmarinkyla.net\/index.php?rest_route=\/wp\/v2\/posts\/1320\/revisions"}],"predecessor-version":[{"id":1322,"href":"https:\/\/www.kalmarinkyla.net\/index.php?rest_route=\/wp\/v2\/posts\/1320\/revisions\/1322"}],"wp:attachment":[{"href":"https:\/\/www.kalmarinkyla.net\/index.php?rest_route=%2Fwp%2Fv2%2Fmedia&parent=1320"}],"wp:term":[{"taxonomy":"category","embeddable":true,"href":"https:\/\/www.kalmarinkyla.net\/index.php?rest_route=%2Fwp%2Fv2%2Fcategories&post=1320"},{"taxonomy":"post_tag","embeddable":true,"href":"https:\/\/www.kalmarinkyla.net\/index.php?rest_route=%2Fwp%2Fv2%2Ftags&post=1320"}],"curies":[{"name":"wp","href":"https:\/\/api.w.org\/{rel}","templated":true}]}}