{"id":133,"date":"2015-04-20T15:59:20","date_gmt":"2015-04-20T12:59:20","guid":{"rendered":"http:\/\/www.kalmarinkyla.net\/wp\/?p=133"},"modified":"2017-03-14T14:23:26","modified_gmt":"2017-03-14T12:23:26","slug":"kalmarin-koulun-lakkauttamispaatos-uudelleen-kasittelyyn","status":"publish","type":"post","link":"https:\/\/www.kalmarinkyla.net\/?p=133","title":{"rendered":"Kalmarin koulun lakkauttamisp\u00e4\u00e4t\u00f6s uudelleen k\u00e4sittelyyn"},"content":{"rendered":"<div id=\"fb-root\"><\/div>\n<p><i>Lis\u00e4tty: 17.2.2015, p\u00e4ivitetty 20.4.2015<\/i><\/p>\n<p>Kalmarin koulun lakkauttamisp\u00e4\u00e4t\u00f6ksen uudelleenk\u00e4sittely\u00e4 vaatineen kuntalaisaloitteen allekirjoitti kahdessa p\u00e4iv\u00e4ss\u00e4 472 \u00e4\u00e4nioikeutettua. N\u00e4in ollen p\u00e4\u00e4t\u00f6s tulee alkuvuoden aikana uudelleen kaupunginvaltuuston k\u00e4sittelyyn. Allekirjoitusten m\u00e4\u00e4r\u00e4 on 5,4 prosenttia Saarij\u00e4rven \u00e4\u00e4nioikeutetuista, joten 2 prosentin raja aloitteen k\u00e4sittelyyn ottamisesta ylittyy reippaasti. Yli 5 prosentin \u00e4\u00e4nim\u00e4\u00e4r\u00e4 itse asiassa mahdollistaisi jopa kansan\u00e4\u00e4nestyksen pit\u00e4misen, mutta sit\u00e4 ei toistaiseksi olla esitt\u00e4m\u00e4ss\u00e4. Aloitteessa vaaditaan my\u00f6s kouluverkon uudelleenj\u00e4rjestelyyn liittyvien muutosten kustannusten selvitt\u00e4mist\u00e4.<\/p>\n<p>16.2.2015 pit\u00e4m\u00e4ss\u00e4\u00e4n kokouksessa kaupunginhallitus p\u00e4\u00e4tti ottaa asian uudelleen k\u00e4sittelyyn. Kaupunginhallitus ohjeistaa kuntalaisaloitteen valmistelua seuraavasti (lainaus p\u00f6yt\u00e4kirjasta):<\/p>\n<ol>\n<li>Kalmarin koulun kuntotutkimus laaditaan v\u00e4litt\u00f6m\u00e4sti siten, ett\u00e4 se on yhteismitallinen muiden koulujen tutkimusten kanssa<\/li>\n<li>Kalmarin koulun lakkauttamisp\u00e4\u00e4t\u00f6kseen liittyv\u00e4t oppilasm\u00e4\u00e4r\u00e4laskelmat ja kustannuslaskelmat p\u00e4ivitet\u00e4\u00e4n sek\u00e4 Kalmarin ett\u00e4 Kolkanlahden osalta<\/li>\n<li>Selvitet\u00e4\u00e4n Kalmarin varhaiskasvatuksen ja perusopetuksen yhteisty\u00f6mahdollisuudet<\/li>\n<li>Kuntalaisaloite vied\u00e4\u00e4n kaupunginvaltuuston p\u00e4\u00e4tett\u00e4v\u00e4ksi viimeist\u00e4\u00e4n 21.4.2015.<\/li>\n<\/ol>\n<p>Laskelmien mukaan Kalmarin koulun lakkauttaminen tulisi kuljetuksineen maksamaan 39500 \u20ac enemm\u00e4n kuin Kolkanlahden koulun lakkauttaminen.<\/p>\n<p>Valtuuston kokous tiistaina 21.4.2015 alkaa klo 17:00 Saarij\u00e4rvi-salissa ja on my\u00f6s yleis\u00f6lle avoin. Tulkaa seuraamaan kuinka p\u00e4\u00e4tt\u00e4j\u00e4mme suhtautuvat asiaan liittyviin tosiasioihin ja kuntalaisaloitteeseen.<\/p>\n","protected":false},"excerpt":{"rendered":"<p>Lis\u00e4tty: 17.2.2015, p\u00e4ivitetty 20.4.2015 Kalmarin koulun lakkauttamisp\u00e4\u00e4t\u00f6ksen uudelleenk\u00e4sittely\u00e4 vaatineen kuntalaisaloitteen allekirjoitti kahdessa p\u00e4iv\u00e4ss\u00e4 472 \u00e4\u00e4nioikeutettua. N\u00e4in ollen p\u00e4\u00e4t\u00f6s tulee alkuvuoden aikana uudelleen kaupunginvaltuuston k\u00e4sittelyyn. Allekirjoitusten m\u00e4\u00e4r\u00e4 on 5,4 prosenttia Saarij\u00e4rven \u00e4\u00e4nioikeutetuista, joten 2 prosentin raja aloitteen k\u00e4sittelyyn ottamisesta ylittyy reippaasti.&hellip; <\/p>\n","protected":false},"author":1,"featured_media":0,"comment_status":"open","ping_status":"open","sticky":false,"template":"","format":"standard","meta":{"jetpack_post_was_ever_published":false,"_jetpack_newsletter_access":"","_jetpack_dont_email_post_to_subs":false,"_jetpack_newsletter_tier_id":0,"_jetpack_memberships_contains_paywalled_content":false,"_jetpack_memberships_contains_paid_content":false,"footnotes":"","jetpack_publicize_message":"","jetpack_publicize_feature_enabled":true,"jetpack_social_post_already_shared":false,"jetpack_social_options":{"image_generator_settings":{"template":"highway","default_image_id":0,"font":"","enabled":false},"version":2}},"categories":[5,4,1],"tags":[],"class_list":["post-133","post","type-post","status-publish","format-standard","hentry","category-palvelut","category-uutiset","category-yleiset"],"jetpack_publicize_connections":[],"jetpack_featured_media_url":"","jetpack_sharing_enabled":true,"jetpack_shortlink":"https:\/\/wp.me\/p8BHJU-29","jetpack-related-posts":[],"_links":{"self":[{"href":"https:\/\/www.kalmarinkyla.net\/index.php?rest_route=\/wp\/v2\/posts\/133","targetHints":{"allow":["GET"]}}],"collection":[{"href":"https:\/\/www.kalmarinkyla.net\/index.php?rest_route=\/wp\/v2\/posts"}],"about":[{"href":"https:\/\/www.kalmarinkyla.net\/index.php?rest_route=\/wp\/v2\/types\/post"}],"author":[{"embeddable":true,"href":"https:\/\/www.kalmarinkyla.net\/index.php?rest_route=\/wp\/v2\/users\/1"}],"replies":[{"embeddable":true,"href":"https:\/\/www.kalmarinkyla.net\/index.php?rest_route=%2Fwp%2Fv2%2Fcomments&post=133"}],"version-history":[{"count":1,"href":"https:\/\/www.kalmarinkyla.net\/index.php?rest_route=\/wp\/v2\/posts\/133\/revisions"}],"predecessor-version":[{"id":134,"href":"https:\/\/www.kalmarinkyla.net\/index.php?rest_route=\/wp\/v2\/posts\/133\/revisions\/134"}],"wp:attachment":[{"href":"https:\/\/www.kalmarinkyla.net\/index.php?rest_route=%2Fwp%2Fv2%2Fmedia&parent=133"}],"wp:term":[{"taxonomy":"category","embeddable":true,"href":"https:\/\/www.kalmarinkyla.net\/index.php?rest_route=%2Fwp%2Fv2%2Fcategories&post=133"},{"taxonomy":"post_tag","embeddable":true,"href":"https:\/\/www.kalmarinkyla.net\/index.php?rest_route=%2Fwp%2Fv2%2Ftags&post=133"}],"curies":[{"name":"wp","href":"https:\/\/api.w.org\/{rel}","templated":true}]}}