{"id":1440,"date":"2019-07-22T10:26:08","date_gmt":"2019-07-22T07:26:08","guid":{"rendered":"http:\/\/www.kalmarinkyla.net\/?p=1440"},"modified":"2019-07-22T10:26:15","modified_gmt":"2019-07-22T07:26:15","slug":"vuoden-nahjus-2019","status":"publish","type":"post","link":"https:\/\/www.kalmarinkyla.net\/?p=1440","title":{"rendered":"Vuoden Nahjus 2019"},"content":{"rendered":"<div id=\"fb-root\"><\/div>\n\n<p>T\u00e4n\u00e4 vuonna valitsimme jo j\u00e4rjestyksess\u00e4\u00e4n viidennen Kalmarin Nahjuksen. Vuoden Nahjus-arvonimell\u00e4 haluamme osoittaa kiitosta Kalmarin kyl\u00e4n hyv\u00e4ksi tehdyst\u00e4 ty\u00f6st\u00e4 ja\/tai Kalmarin tunnetuksi tekemisest\u00e4.<\/p>\n\n\n\n<p>Arvonimen saajan on toiminnallaan jollakin tavoin pit\u00e4nyt osoittaa kotiseuturakkautta Kalmaria kohtaan tai h\u00e4nen on havaittu olevan niin sanotusti hyv\u00e4\u00e4 mainosta kyl\u00e4llemme. Talkooty\u00f6 on pyyteet\u00f6nt\u00e4 ty\u00f6t\u00e4 ja vaatii rahtusen kyl\u00e4hulluutta ja tervett\u00e4 j\u00e4\u00e4r\u00e4p\u00e4isyytt\u00e4 \u2013 ja ennen kaikkea sit\u00e4 rakkautta maaseutua ja omaa kyl\u00e4\u00e4 kohtaan. Toivomme my\u00f6s, ett\u00e4 t\u00e4m\u00e4 huomioin osoitus kannustaa kaikkia jatkamaan talkooty\u00f6t\u00e4, ja uskomaan Kalmarin kyl\u00e4n elinvoimaisuuteen.<\/p>\n\n\n\n<p>Muistona t\u00e4st\u00e4 arvonimest\u00e4 ojennamme valituille henkil\u00f6ille Tiina Kauppisen tekem\u00e4n kunniakirjan, jossa komeilee kyl\u00e4talo Kalmarin Nahjuksen kuva, joka on n\u00e4kyvin esimerkki Kalmarin kyl\u00e4l\u00e4isten yhteisty\u00f6kyvyst\u00e4 ja periksi antamattomuudesta. <\/p>\n\n\n\n<div class=\"wp-block-image\"><figure class=\"aligncenter is-resized\"><img data-recalc-dims=\"1\" loading=\"lazy\" decoding=\"async\" data-attachment-id=\"1441\" data-permalink=\"https:\/\/www.kalmarinkyla.net\/?attachment_id=1441\" data-orig-file=\"https:\/\/i0.wp.com\/www.kalmarinkyla.net\/wp\/wp-content\/uploads\/Vuoden-Nahjus-Erkki-Valkola.jpg?fit=889%2C960&amp;ssl=1\" data-orig-size=\"889,960\" data-comments-opened=\"1\" data-image-meta=\"{&quot;aperture&quot;:&quot;0&quot;,&quot;credit&quot;:&quot;&quot;,&quot;camera&quot;:&quot;&quot;,&quot;caption&quot;:&quot;&quot;,&quot;created_timestamp&quot;:&quot;0&quot;,&quot;copyright&quot;:&quot;&quot;,&quot;focal_length&quot;:&quot;0&quot;,&quot;iso&quot;:&quot;0&quot;,&quot;shutter_speed&quot;:&quot;0&quot;,&quot;title&quot;:&quot;&quot;,&quot;orientation&quot;:&quot;0&quot;}\" data-image-title=\"Vuoden Nahjus Erkki Valkola\" data-image-description=\"\" data-image-caption=\"\" data-large-file=\"https:\/\/i0.wp.com\/www.kalmarinkyla.net\/wp\/wp-content\/uploads\/Vuoden-Nahjus-Erkki-Valkola.jpg?fit=700%2C756&amp;ssl=1\" src=\"https:\/\/i0.wp.com\/www.kalmarinkyla.net\/wp\/wp-content\/uploads\/Vuoden-Nahjus-Erkki-Valkola.jpg?resize=359%2C388\" alt=\"\" class=\"wp-image-1441\" width=\"359\" height=\"388\" srcset=\"https:\/\/i0.wp.com\/www.kalmarinkyla.net\/wp\/wp-content\/uploads\/Vuoden-Nahjus-Erkki-Valkola.jpg?w=889&amp;ssl=1 889w, https:\/\/i0.wp.com\/www.kalmarinkyla.net\/wp\/wp-content\/uploads\/Vuoden-Nahjus-Erkki-Valkola.jpg?resize=278%2C300&amp;ssl=1 278w, https:\/\/i0.wp.com\/www.kalmarinkyla.net\/wp\/wp-content\/uploads\/Vuoden-Nahjus-Erkki-Valkola.jpg?resize=768%2C829&amp;ssl=1 768w\" sizes=\"auto, (max-width: 359px) 100vw, 359px\" \/><\/figure><\/div>\n\n\n\n<p>T\u00e4m\u00e4n vuoden Nahjus Erkki Valkola joka on pitk\u00e4nlinjan talkoolainen ja Nahjuslainen. H\u00e4n on n\u00e4hnyt Nahjuksen kivisemm\u00e4n tien ja on ollut yhten\u00e4 pit\u00e4m\u00e4ss\u00e4 kiinni yhdistyksen toiminnasta ja kyl\u00e4talon olemassa olosta vaikeinakin aikoina. H\u00e4n on toiminut matkanvarrella my\u00f6s Nahjuksen puheenjohtajana. Ja mik\u00e4 parasta: h\u00e4n on viel\u00e4kin aktiivisesti mukana auttamassa ja kannustamassa Nahjuksen uutta sukupolvea.<\/p>\n","protected":false},"excerpt":{"rendered":"<p>T\u00e4n\u00e4 vuonna valitsimme jo j\u00e4rjestyksess\u00e4\u00e4n viidennen Kalmarin Nahjuksen. Vuoden Nahjus-arvonimell\u00e4 haluamme osoittaa kiitosta Kalmarin kyl\u00e4n hyv\u00e4ksi tehdyst\u00e4 ty\u00f6st\u00e4 ja\/tai Kalmarin tunnetuksi tekemisest\u00e4. Arvonimen saajan on toiminnallaan jollakin tavoin pit\u00e4nyt osoittaa kotiseuturakkautta Kalmaria kohtaan tai h\u00e4nen on havaittu olevan niin sanotusti&hellip; <\/p>\n","protected":false},"author":3,"featured_media":0,"comment_status":"open","ping_status":"open","sticky":false,"template":"","format":"standard","meta":{"jetpack_post_was_ever_published":false,"_jetpack_newsletter_access":"","_jetpack_dont_email_post_to_subs":false,"_jetpack_newsletter_tier_id":0,"_jetpack_memberships_contains_paywalled_content":false,"_jetpack_memberships_contains_paid_content":false,"footnotes":"","jetpack_publicize_message":"","jetpack_publicize_feature_enabled":true,"jetpack_social_post_already_shared":true,"jetpack_social_options":{"image_generator_settings":{"template":"highway","default_image_id":0,"font":"","enabled":false},"version":2}},"categories":[1],"tags":[],"class_list":["post-1440","post","type-post","status-publish","format-standard","hentry","category-yleiset"],"jetpack_publicize_connections":[],"jetpack_featured_media_url":"","jetpack_sharing_enabled":true,"jetpack_shortlink":"https:\/\/wp.me\/p8BHJU-ne","jetpack-related-posts":[],"_links":{"self":[{"href":"https:\/\/www.kalmarinkyla.net\/index.php?rest_route=\/wp\/v2\/posts\/1440","targetHints":{"allow":["GET"]}}],"collection":[{"href":"https:\/\/www.kalmarinkyla.net\/index.php?rest_route=\/wp\/v2\/posts"}],"about":[{"href":"https:\/\/www.kalmarinkyla.net\/index.php?rest_route=\/wp\/v2\/types\/post"}],"author":[{"embeddable":true,"href":"https:\/\/www.kalmarinkyla.net\/index.php?rest_route=\/wp\/v2\/users\/3"}],"replies":[{"embeddable":true,"href":"https:\/\/www.kalmarinkyla.net\/index.php?rest_route=%2Fwp%2Fv2%2Fcomments&post=1440"}],"version-history":[{"count":3,"href":"https:\/\/www.kalmarinkyla.net\/index.php?rest_route=\/wp\/v2\/posts\/1440\/revisions"}],"predecessor-version":[{"id":1444,"href":"https:\/\/www.kalmarinkyla.net\/index.php?rest_route=\/wp\/v2\/posts\/1440\/revisions\/1444"}],"wp:attachment":[{"href":"https:\/\/www.kalmarinkyla.net\/index.php?rest_route=%2Fwp%2Fv2%2Fmedia&parent=1440"}],"wp:term":[{"taxonomy":"category","embeddable":true,"href":"https:\/\/www.kalmarinkyla.net\/index.php?rest_route=%2Fwp%2Fv2%2Fcategories&post=1440"},{"taxonomy":"post_tag","embeddable":true,"href":"https:\/\/www.kalmarinkyla.net\/index.php?rest_route=%2Fwp%2Fv2%2Ftags&post=1440"}],"curies":[{"name":"wp","href":"https:\/\/api.w.org\/{rel}","templated":true}]}}