{"id":1454,"date":"2019-09-06T09:21:53","date_gmt":"2019-09-06T06:21:53","guid":{"rendered":"http:\/\/www.kalmarinkyla.net\/?p=1454"},"modified":"2019-09-06T09:21:54","modified_gmt":"2019-09-06T06:21:54","slug":"rautalanka-soi-nahjuksella-elokuisessa-illassa","status":"publish","type":"post","link":"https:\/\/www.kalmarinkyla.net\/?p=1454","title":{"rendered":"Rautalanka soi Nahjuksella elokuisessa illassa"},"content":{"rendered":"<div id=\"fb-root\"><\/div>\n\n<div class=\"wp-block-image\"><figure class=\"aligncenter is-resized\"><img data-recalc-dims=\"1\" loading=\"lazy\" decoding=\"async\" data-attachment-id=\"1455\" data-permalink=\"https:\/\/www.kalmarinkyla.net\/?attachment_id=1455\" data-orig-file=\"https:\/\/i0.wp.com\/www.kalmarinkyla.net\/wp\/wp-content\/uploads\/vincents-Small.jpg?fit=640%2C480&amp;ssl=1\" data-orig-size=\"640,480\" data-comments-opened=\"1\" data-image-meta=\"{&quot;aperture&quot;:&quot;0&quot;,&quot;credit&quot;:&quot;&quot;,&quot;camera&quot;:&quot;&quot;,&quot;caption&quot;:&quot;&quot;,&quot;created_timestamp&quot;:&quot;0&quot;,&quot;copyright&quot;:&quot;&quot;,&quot;focal_length&quot;:&quot;0&quot;,&quot;iso&quot;:&quot;0&quot;,&quot;shutter_speed&quot;:&quot;0&quot;,&quot;title&quot;:&quot;&quot;,&quot;orientation&quot;:&quot;0&quot;}\" data-image-title=\"vincents-Small\" data-image-description=\"\" data-image-caption=\"\" data-large-file=\"https:\/\/i0.wp.com\/www.kalmarinkyla.net\/wp\/wp-content\/uploads\/vincents-Small.jpg?fit=640%2C480&amp;ssl=1\" src=\"https:\/\/i0.wp.com\/www.kalmarinkyla.net\/wp\/wp-content\/uploads\/vincents-Small.jpg?resize=484%2C363\" alt=\"\" class=\"wp-image-1455\" width=\"484\" height=\"363\" srcset=\"https:\/\/i0.wp.com\/www.kalmarinkyla.net\/wp\/wp-content\/uploads\/vincents-Small.jpg?w=640&amp;ssl=1 640w, https:\/\/i0.wp.com\/www.kalmarinkyla.net\/wp\/wp-content\/uploads\/vincents-Small.jpg?resize=300%2C225&amp;ssl=1 300w\" sizes=\"auto, (max-width: 484px) 100vw, 484px\" \/><\/figure><\/div>\n\n\n\n<p>Perjantaina 30.8 Nahjuksen Kyl\u00e4talolla vietettiin elokuista iltaa hyv\u00e4n musiikin soidessa ja Ha-Ka Juhlapalveluiden herkullisia hampurilaisia nauttien. Ilta sujui mainiosta ja kiitosta on tullut sek\u00e4 yleis\u00f6lt\u00e4 ett\u00e4 esiintyjilt\u00e4kin. N\u00e4m\u00e4 kiitokset l\u00e4mmitt\u00e4v\u00e4t kovasti j\u00e4rjest\u00e4jien mielt\u00e4! <\/p>\n\n\n\n<p>Kyl\u00e4- ja Urheiluseura Kalmarin Nahjus haluaa omalta osaltaan kiitt\u00e4\u00e4 kaikkia tapahtumaan osallistuneita, esiintyji\u00e4, The Vincents ja The Rewolters, sek\u00e4 tapahtumaa sponsoroineita Purom\u00e4en Soraa, Kone H\u00e4m\u00e4l\u00e4ist\u00e4 sek\u00e4 Saarij\u00e4rven Urheiluautoilijoita \u2013 syd\u00e4melliset kiitokset kaikille! Palautteen perusteella olemme p\u00e4\u00e4tt\u00e4neet j\u00e4rjest\u00e4\u00e4 tapahtuman ensi vuonna uudestaan perjantaina 28.8.2020. Kiitos t\u00e4st\u00e4 vuodesta ja tervetuloa vuonna 2020!<\/p>\n\n\n\n<p><\/p>\n","protected":false},"excerpt":{"rendered":"<p>Perjantaina 30.8 Nahjuksen Kyl\u00e4talolla vietettiin elokuista iltaa hyv\u00e4n musiikin soidessa ja Ha-Ka Juhlapalveluiden herkullisia hampurilaisia nauttien. Ilta sujui mainiosta ja kiitosta on tullut sek\u00e4 yleis\u00f6lt\u00e4 ett\u00e4 esiintyjilt\u00e4kin. N\u00e4m\u00e4 kiitokset l\u00e4mmitt\u00e4v\u00e4t kovasti j\u00e4rjest\u00e4jien mielt\u00e4! Kyl\u00e4- ja Urheiluseura Kalmarin Nahjus haluaa omalta&hellip; <\/p>\n","protected":false},"author":3,"featured_media":0,"comment_status":"open","ping_status":"open","sticky":false,"template":"","format":"standard","meta":{"jetpack_post_was_ever_published":false,"_jetpack_newsletter_access":"","_jetpack_dont_email_post_to_subs":false,"_jetpack_newsletter_tier_id":0,"_jetpack_memberships_contains_paywalled_content":false,"_jetpack_memberships_contains_paid_content":false,"footnotes":"","jetpack_publicize_message":"","jetpack_publicize_feature_enabled":true,"jetpack_social_post_already_shared":true,"jetpack_social_options":{"image_generator_settings":{"template":"highway","default_image_id":0,"font":"","enabled":false},"version":2}},"categories":[1],"tags":[],"class_list":["post-1454","post","type-post","status-publish","format-standard","hentry","category-yleiset"],"jetpack_publicize_connections":[],"jetpack_featured_media_url":"","jetpack_sharing_enabled":true,"jetpack_shortlink":"https:\/\/wp.me\/p8BHJU-ns","jetpack-related-posts":[],"_links":{"self":[{"href":"https:\/\/www.kalmarinkyla.net\/index.php?rest_route=\/wp\/v2\/posts\/1454","targetHints":{"allow":["GET"]}}],"collection":[{"href":"https:\/\/www.kalmarinkyla.net\/index.php?rest_route=\/wp\/v2\/posts"}],"about":[{"href":"https:\/\/www.kalmarinkyla.net\/index.php?rest_route=\/wp\/v2\/types\/post"}],"author":[{"embeddable":true,"href":"https:\/\/www.kalmarinkyla.net\/index.php?rest_route=\/wp\/v2\/users\/3"}],"replies":[{"embeddable":true,"href":"https:\/\/www.kalmarinkyla.net\/index.php?rest_route=%2Fwp%2Fv2%2Fcomments&post=1454"}],"version-history":[{"count":3,"href":"https:\/\/www.kalmarinkyla.net\/index.php?rest_route=\/wp\/v2\/posts\/1454\/revisions"}],"predecessor-version":[{"id":1458,"href":"https:\/\/www.kalmarinkyla.net\/index.php?rest_route=\/wp\/v2\/posts\/1454\/revisions\/1458"}],"wp:attachment":[{"href":"https:\/\/www.kalmarinkyla.net\/index.php?rest_route=%2Fwp%2Fv2%2Fmedia&parent=1454"}],"wp:term":[{"taxonomy":"category","embeddable":true,"href":"https:\/\/www.kalmarinkyla.net\/index.php?rest_route=%2Fwp%2Fv2%2Fcategories&post=1454"},{"taxonomy":"post_tag","embeddable":true,"href":"https:\/\/www.kalmarinkyla.net\/index.php?rest_route=%2Fwp%2Fv2%2Ftags&post=1454"}],"curies":[{"name":"wp","href":"https:\/\/api.w.org\/{rel}","templated":true}]}}