{"id":1514,"date":"2020-11-30T16:37:27","date_gmt":"2020-11-30T14:37:27","guid":{"rendered":"http:\/\/www.kalmarinkyla.net\/?p=1514"},"modified":"2020-11-30T16:37:28","modified_gmt":"2020-11-30T14:37:28","slug":"nahjuksen-murto-ja-paloturvallisuutta-on-parannettu","status":"publish","type":"post","link":"https:\/\/www.kalmarinkyla.net\/?p=1514","title":{"rendered":"Nahjuksen murto- ja paloturvallisuutta on parannettu"},"content":{"rendered":"<div id=\"fb-root\"><\/div>\n\n<figure class=\"wp-block-image size-large\"><img data-recalc-dims=\"1\" loading=\"lazy\" decoding=\"async\" width=\"700\" height=\"534\" data-attachment-id=\"1515\" data-permalink=\"https:\/\/www.kalmarinkyla.net\/?attachment_id=1515\" data-orig-file=\"https:\/\/i0.wp.com\/www.kalmarinkyla.net\/wp\/wp-content\/uploads\/verisure.jpg?fit=944%2C720&amp;ssl=1\" data-orig-size=\"944,720\" data-comments-opened=\"1\" data-image-meta=\"{&quot;aperture&quot;:&quot;0&quot;,&quot;credit&quot;:&quot;&quot;,&quot;camera&quot;:&quot;&quot;,&quot;caption&quot;:&quot;&quot;,&quot;created_timestamp&quot;:&quot;0&quot;,&quot;copyright&quot;:&quot;&quot;,&quot;focal_length&quot;:&quot;0&quot;,&quot;iso&quot;:&quot;0&quot;,&quot;shutter_speed&quot;:&quot;0&quot;,&quot;title&quot;:&quot;&quot;,&quot;orientation&quot;:&quot;0&quot;}\" data-image-title=\"verisure\" data-image-description=\"\" data-image-caption=\"\" data-large-file=\"https:\/\/i0.wp.com\/www.kalmarinkyla.net\/wp\/wp-content\/uploads\/verisure.jpg?fit=700%2C534&amp;ssl=1\" src=\"https:\/\/i0.wp.com\/www.kalmarinkyla.net\/wp\/wp-content\/uploads\/verisure.jpg?resize=700%2C534\" alt=\"\" class=\"wp-image-1515\" srcset=\"https:\/\/i0.wp.com\/www.kalmarinkyla.net\/wp\/wp-content\/uploads\/verisure.jpg?w=944&amp;ssl=1 944w, https:\/\/i0.wp.com\/www.kalmarinkyla.net\/wp\/wp-content\/uploads\/verisure.jpg?resize=300%2C229&amp;ssl=1 300w, https:\/\/i0.wp.com\/www.kalmarinkyla.net\/wp\/wp-content\/uploads\/verisure.jpg?resize=768%2C586&amp;ssl=1 768w\" sizes=\"auto, (max-width: 700px) 100vw, 700px\" \/><\/figure>\n\n\n\n<p>Nahjukselle on asennettu Verisuren murto- ja paloh\u00e4lyytinj\u00e4rjestelm\u00e4 turvaamaan taloa. Pyyd\u00e4mme k\u00e4ytt\u00e4ji\u00e4 huomioimaan, ett\u00e4 sis\u00e4lle menness\u00e4 h\u00e4lyytysj\u00e4rjestelm\u00e4 tulee kytke\u00e4 pois k\u00e4yt\u00f6st\u00e4 ja l\u00e4htiess\u00e4 kytke\u00e4 takaisin p\u00e4\u00e4lle. <\/p>\n\n\n\n<p>K\u00e4ytt\u00f6koulutus ja Verisuren palveluiden esittely tullaa j\u00e4rjest\u00e4m\u00e4\u00e4n tammikuussa, mik\u00e4li se on vallitsevasta tilanteesta johtuen mahdollista. <\/p>\n\n\n\n<p>Avaimet pysyv\u00e4t samana, mutta avaimenhaltija tarvitsee koodin h\u00e4lytysj\u00e4rjestel\u00e4m\u00e4\u00e4n. Jos sinulta koodi puuttuu ja tarvitset sit\u00e4 voit soittaa Iida Eerolalle 040 5295242. <\/p>\n","protected":false},"excerpt":{"rendered":"<p>Nahjukselle on asennettu Verisuren murto- ja paloh\u00e4lyytinj\u00e4rjestelm\u00e4 turvaamaan taloa. Pyyd\u00e4mme k\u00e4ytt\u00e4ji\u00e4 huomioimaan, ett\u00e4 sis\u00e4lle menness\u00e4 h\u00e4lyytysj\u00e4rjestelm\u00e4 tulee kytke\u00e4 pois k\u00e4yt\u00f6st\u00e4 ja l\u00e4htiess\u00e4 kytke\u00e4 takaisin p\u00e4\u00e4lle. K\u00e4ytt\u00f6koulutus ja Verisuren palveluiden esittely tullaa j\u00e4rjest\u00e4m\u00e4\u00e4n tammikuussa, mik\u00e4li se on vallitsevasta tilanteesta johtuen mahdollista.&hellip; <\/p>\n","protected":false},"author":3,"featured_media":0,"comment_status":"open","ping_status":"open","sticky":false,"template":"","format":"standard","meta":{"jetpack_post_was_ever_published":false,"_jetpack_newsletter_access":"","_jetpack_dont_email_post_to_subs":false,"_jetpack_newsletter_tier_id":0,"_jetpack_memberships_contains_paywalled_content":false,"_jetpack_memberships_contains_paid_content":false,"footnotes":"","jetpack_publicize_message":"","jetpack_publicize_feature_enabled":true,"jetpack_social_post_already_shared":true,"jetpack_social_options":{"image_generator_settings":{"template":"highway","default_image_id":0,"font":"","enabled":false},"version":2}},"categories":[1],"tags":[],"class_list":["post-1514","post","type-post","status-publish","format-standard","hentry","category-yleiset"],"jetpack_publicize_connections":[],"jetpack_featured_media_url":"","jetpack_sharing_enabled":true,"jetpack_shortlink":"https:\/\/wp.me\/p8BHJU-oq","jetpack-related-posts":[],"_links":{"self":[{"href":"https:\/\/www.kalmarinkyla.net\/index.php?rest_route=\/wp\/v2\/posts\/1514","targetHints":{"allow":["GET"]}}],"collection":[{"href":"https:\/\/www.kalmarinkyla.net\/index.php?rest_route=\/wp\/v2\/posts"}],"about":[{"href":"https:\/\/www.kalmarinkyla.net\/index.php?rest_route=\/wp\/v2\/types\/post"}],"author":[{"embeddable":true,"href":"https:\/\/www.kalmarinkyla.net\/index.php?rest_route=\/wp\/v2\/users\/3"}],"replies":[{"embeddable":true,"href":"https:\/\/www.kalmarinkyla.net\/index.php?rest_route=%2Fwp%2Fv2%2Fcomments&post=1514"}],"version-history":[{"count":2,"href":"https:\/\/www.kalmarinkyla.net\/index.php?rest_route=\/wp\/v2\/posts\/1514\/revisions"}],"predecessor-version":[{"id":1517,"href":"https:\/\/www.kalmarinkyla.net\/index.php?rest_route=\/wp\/v2\/posts\/1514\/revisions\/1517"}],"wp:attachment":[{"href":"https:\/\/www.kalmarinkyla.net\/index.php?rest_route=%2Fwp%2Fv2%2Fmedia&parent=1514"}],"wp:term":[{"taxonomy":"category","embeddable":true,"href":"https:\/\/www.kalmarinkyla.net\/index.php?rest_route=%2Fwp%2Fv2%2Fcategories&post=1514"},{"taxonomy":"post_tag","embeddable":true,"href":"https:\/\/www.kalmarinkyla.net\/index.php?rest_route=%2Fwp%2Fv2%2Ftags&post=1514"}],"curies":[{"name":"wp","href":"https:\/\/api.w.org\/{rel}","templated":true}]}}