{"id":1602,"date":"2021-08-21T14:27:38","date_gmt":"2021-08-21T11:27:38","guid":{"rendered":"http:\/\/www.kalmarinkyla.net\/?p=1602"},"modified":"2021-08-21T14:27:40","modified_gmt":"2021-08-21T11:27:40","slug":"rokkia-ja-rautalankaa-the-vincents-nahjuksella-pe-27-8-2021","status":"publish","type":"post","link":"https:\/\/www.kalmarinkyla.net\/?p=1602","title":{"rendered":"Rokkia ja rautalankaa &#8211; The Vincents Nahjuksella pe 27.8.2021"},"content":{"rendered":"<div id=\"fb-root\"><\/div>\n\n<p>Kahden vuoden tauon j\u00e4lkeen Nahjuksen kyl\u00e4talolla viritell\u00e4\u00e4n taas kitaroita The Vincents orkesterin toimesta. Kuten kaksi vuotta takaperin solistina on Saarij\u00e4rven oma poika Otto Kuparinen.<\/p>\n\n\n\n<p><br>The Vincents yhtye soittaa tanssittavaa rokkia ja rautalankaa. Ohjelmisto sis\u00e4lt\u00e4\u00e4 valikoituja iskus\u00e4velmi\u00e4 menneilt\u00e4 vuosikymmenilt\u00e4 omaa tuotantoa unohtamatta. The Vincents on perustettu Jyv\u00e4skyl\u00e4ss\u00e4 vuonna 2014. Alkuper\u00e4iskokoonpanoon kuuluivat kitaristi Marko Haukka, basisti Janne H\u00e5rd ja rumpali Jarno Kauppinen. Trio esitti kitaravetoista instrumentaalimusiikia. Pian ohjelmisto laajeni my\u00f6s laulettuun musiikkiin, kun Kari Hirvonen liittyi The Vincents yhtyeeseen. Vuonna 2015 yhtyeen kokoonpano vakiintui nykyiseen muotoonsa ja solistiksi Otto Kuparinen. Uudistus toi kvartetin ilmaisuun kaivattua muutosta. Soitosta tuli aiempaa tiukempaa ja paremmin svengaavaa. Rokitkin pystyt\u00e4\u00e4n t\u00e4ll\u00e4 kokoonpanolla kajauttamaan katu-uskottavasti!<\/p>\n\n\n\n<p><br>Kev\u00e4\u00e4ll\u00e4 2021 orkesteri otti osaa Aito Iskelm\u00e4 radiokanavan kilpailuun Aito Iskelm\u00e4t\u00e4hti. The Vincents osallistui kisaan kappaleella Hetken Sun, joka on kokonaan orkesterin omaa k\u00e4sialaa ja siin\u00e4 on ainesta uudeksi kes\u00e4klassikoksi. 200 osallistujan joukosta The Vincents valittiin Keski-Suomesta kymmenen parhaan joukkoon.<\/p>\n\n\n\n<p>Osittain koronasta johtuen t\u00e4n\u00e4 vuonna tapahtumassa ei ole anniskelua, vaan illasta nautitaan musiikki edell\u00e4. Sis\u00e4kahviossa saa suunsa makeaksi ja helpotusta kahvihampaalle ja pikku n\u00e4lk\u00e4\u00e4 helpottaa ulkona palveleva grilli. Tilojen k\u00e4ytt\u00f6 on pyritty j\u00e4rjest\u00e4m\u00e4\u00e4n, niin ett\u00e4 illasta voidaan nauttia koronan varjosta huolimatta. Kalmarin Nahjus toivottaa kaikki tanssijat ja musiikin yst\u00e4v\u00e4t tervetulleiksi viett\u00e4m\u00e4\u00e4n Baddingin nimpparip\u00e4iv\u00e4\u00e4 Kalmarin Nahjukselle. Huolehditaan yhdess\u00e4 siit\u00e4, ett\u00e4 illasta tulee koronaturvallinen.<\/p>\n\n\n\n<figure class=\"wp-block-image size-large is-resized\"><img data-recalc-dims=\"1\" loading=\"lazy\" decoding=\"async\" data-attachment-id=\"1603\" data-permalink=\"https:\/\/www.kalmarinkyla.net\/?attachment_id=1603\" data-orig-file=\"https:\/\/i0.wp.com\/www.kalmarinkyla.net\/wp\/wp-content\/uploads\/The-Vincents-ep1.jpg?fit=1458%2C1494&amp;ssl=1\" data-orig-size=\"1458,1494\" data-comments-opened=\"1\" data-image-meta=\"{&quot;aperture&quot;:&quot;0&quot;,&quot;credit&quot;:&quot;&quot;,&quot;camera&quot;:&quot;&quot;,&quot;caption&quot;:&quot;&quot;,&quot;created_timestamp&quot;:&quot;1629455792&quot;,&quot;copyright&quot;:&quot;&quot;,&quot;focal_length&quot;:&quot;0&quot;,&quot;iso&quot;:&quot;0&quot;,&quot;shutter_speed&quot;:&quot;0&quot;,&quot;title&quot;:&quot;&quot;,&quot;orientation&quot;:&quot;1&quot;}\" data-image-title=\"The-Vincents-ep1\" data-image-description=\"\" data-image-caption=\"\" data-large-file=\"https:\/\/i0.wp.com\/www.kalmarinkyla.net\/wp\/wp-content\/uploads\/The-Vincents-ep1.jpg?fit=700%2C718&amp;ssl=1\" src=\"https:\/\/i0.wp.com\/www.kalmarinkyla.net\/wp\/wp-content\/uploads\/The-Vincents-ep1-999x1024.jpg?resize=561%2C575\" alt=\"\" class=\"wp-image-1603\" width=\"561\" height=\"575\" srcset=\"https:\/\/i0.wp.com\/www.kalmarinkyla.net\/wp\/wp-content\/uploads\/The-Vincents-ep1.jpg?resize=999%2C1024&amp;ssl=1 999w, https:\/\/i0.wp.com\/www.kalmarinkyla.net\/wp\/wp-content\/uploads\/The-Vincents-ep1.jpg?resize=293%2C300&amp;ssl=1 293w, https:\/\/i0.wp.com\/www.kalmarinkyla.net\/wp\/wp-content\/uploads\/The-Vincents-ep1.jpg?resize=768%2C787&amp;ssl=1 768w, https:\/\/i0.wp.com\/www.kalmarinkyla.net\/wp\/wp-content\/uploads\/The-Vincents-ep1.jpg?w=1458&amp;ssl=1 1458w, https:\/\/i0.wp.com\/www.kalmarinkyla.net\/wp\/wp-content\/uploads\/The-Vincents-ep1.jpg?w=1400&amp;ssl=1 1400w\" sizes=\"auto, (max-width: 561px) 100vw, 561px\" \/><figcaption>The Vincent julkaisi vuonna 2019 EP-levyn solistinaan Otto Kuparinen. Levylt\u00e4 L\u00f6ytyy my\u00f6s kisakappale Hetken Sun.<\/figcaption><\/figure>\n","protected":false},"excerpt":{"rendered":"<p>Kahden vuoden tauon j\u00e4lkeen Nahjuksen kyl\u00e4talolla viritell\u00e4\u00e4n taas kitaroita The Vincents orkesterin toimesta. Kuten kaksi vuotta takaperin solistina on Saarij\u00e4rven oma poika Otto Kuparinen. The Vincents yhtye soittaa tanssittavaa rokkia ja rautalankaa. Ohjelmisto sis\u00e4lt\u00e4\u00e4 valikoituja iskus\u00e4velmi\u00e4 menneilt\u00e4 vuosikymmenilt\u00e4 omaa tuotantoa&hellip; <\/p>\n","protected":false},"author":3,"featured_media":0,"comment_status":"open","ping_status":"open","sticky":false,"template":"","format":"standard","meta":{"jetpack_post_was_ever_published":false,"_jetpack_newsletter_access":"","_jetpack_dont_email_post_to_subs":false,"_jetpack_newsletter_tier_id":0,"_jetpack_memberships_contains_paywalled_content":false,"_jetpack_memberships_contains_paid_content":false,"footnotes":"","jetpack_publicize_message":"","jetpack_publicize_feature_enabled":true,"jetpack_social_post_already_shared":true,"jetpack_social_options":{"image_generator_settings":{"template":"highway","default_image_id":0,"font":"","enabled":false},"version":2}},"categories":[1],"tags":[],"class_list":["post-1602","post","type-post","status-publish","format-standard","hentry","category-yleiset"],"jetpack_publicize_connections":[],"jetpack_featured_media_url":"","jetpack_sharing_enabled":true,"jetpack_shortlink":"https:\/\/wp.me\/p8BHJU-pQ","jetpack-related-posts":[],"_links":{"self":[{"href":"https:\/\/www.kalmarinkyla.net\/index.php?rest_route=\/wp\/v2\/posts\/1602","targetHints":{"allow":["GET"]}}],"collection":[{"href":"https:\/\/www.kalmarinkyla.net\/index.php?rest_route=\/wp\/v2\/posts"}],"about":[{"href":"https:\/\/www.kalmarinkyla.net\/index.php?rest_route=\/wp\/v2\/types\/post"}],"author":[{"embeddable":true,"href":"https:\/\/www.kalmarinkyla.net\/index.php?rest_route=\/wp\/v2\/users\/3"}],"replies":[{"embeddable":true,"href":"https:\/\/www.kalmarinkyla.net\/index.php?rest_route=%2Fwp%2Fv2%2Fcomments&post=1602"}],"version-history":[{"count":2,"href":"https:\/\/www.kalmarinkyla.net\/index.php?rest_route=\/wp\/v2\/posts\/1602\/revisions"}],"predecessor-version":[{"id":1605,"href":"https:\/\/www.kalmarinkyla.net\/index.php?rest_route=\/wp\/v2\/posts\/1602\/revisions\/1605"}],"wp:attachment":[{"href":"https:\/\/www.kalmarinkyla.net\/index.php?rest_route=%2Fwp%2Fv2%2Fmedia&parent=1602"}],"wp:term":[{"taxonomy":"category","embeddable":true,"href":"https:\/\/www.kalmarinkyla.net\/index.php?rest_route=%2Fwp%2Fv2%2Fcategories&post=1602"},{"taxonomy":"post_tag","embeddable":true,"href":"https:\/\/www.kalmarinkyla.net\/index.php?rest_route=%2Fwp%2Fv2%2Ftags&post=1602"}],"curies":[{"name":"wp","href":"https:\/\/api.w.org\/{rel}","templated":true}]}}