{"id":1619,"date":"2021-09-21T18:27:21","date_gmt":"2021-09-21T15:27:21","guid":{"rendered":"http:\/\/www.kalmarinkyla.net\/?p=1619"},"modified":"2021-09-21T18:33:23","modified_gmt":"2021-09-21T15:33:23","slug":"valkeine-jarven-info-tilaisuus","status":"publish","type":"post","link":"https:\/\/www.kalmarinkyla.net\/?p=1619","title":{"rendered":"Valkeinen j\u00e4rven info-tilaisuus"},"content":{"rendered":"<div id=\"fb-root\"><\/div>\n\n<p>Keski-Suomen ELY-keskus j\u00e4rjest\u00e4\u00e4 yhdess\u00e4 Saarij\u00e4rven kaupungin ymp\u00e4rist\u00f6nsujelutoimen ja JAMK Biotalousinstituutin kanssa info-tilaisuuden Nahjuksella Kalmarissa <strong>perjantaina 1.10.2021 klo 14.30 alkaen<\/strong>. Tilaisuudessa esitet\u00e4\u00e4n Valkeisen j\u00e4rven vedenlaatutietoja ja veden laadun kehityst\u00e4 sek\u00e4 Vemala-valuma-aluemallia hy\u00f6dynt\u00e4en eri kuormitusl\u00e4hteiden vaikutusta Valkeisen j\u00e4rven veden laatuun. Lis\u00e4ksi kuullaan mit\u00e4 apua JAMK voi tarjota vesist\u00f6kunnostuksiin ja k\u00e4yd\u00e4\u00e4n l\u00e4pi muutama esimerkki tehdyist\u00e4 kunnostuskohteista. <\/p>\n\n\n\n<p>Paikalla ovat: <\/p>\n\n\n\n<p>Harri Liukkonen, ymp\u00e4rist\u00f6nsuojelun asiantuntija, Keski-Suomen ELY-keskus<\/p>\n\n\n\n<p>Hanna Aarnos, ylitarkastaja, ELY Keski-Suomi<\/p>\n\n\n\n<p>Mia Rahinantti, ymp\u00e4rist\u00f6sihteeri, Saarij\u00e4rven kaupunki<\/p>\n\n\n\n<p>Samuli Lahtela, asiantuntija, JAMK Biotalousinstituutti<\/p>\n\n\n\n<p><\/p>\n\n\n\n<p>Nyt on hyv\u00e4 mahdollisuus keskustella rakentavasti Valkeisen j\u00e4rven tilasta ja mahdollisesta hankkeen aloittamisesta. Tiedossa paljon hyv\u00e4\u00e4 tietoa my\u00f6s muiden vesist\u00f6jen mahdollisiin kunnostustarpeisiin.<\/p>\n\n\n\n<p>Tilaisuuteen voi osallistua my\u00f6s Teams-et\u00e4yhteydell\u00e4. Ennakkoilmoittautumiset et\u00e4osallistumiseen to 30.9. klo 12.00 menness\u00e4 <a href=\"mailto:anne-mari.malvisto@jamk.fi\">anne-mari.malvisto@jamk.fi<\/a>.  Osallistumislinkki l\u00e4hetet\u00e4\u00e4n s\u00e4hk\u00f6postiin perjantai aamuna.<\/p>\n\n\n\n<p><\/p>\n\n\n\n<p><strong>Tervetuloa mukaan kaikki kyl\u00e4l\u00e4iset ja kes\u00e4m\u00f6kkil\u00e4iset sek\u00e4 muut asiasta kiinnostuneet! Kahvitarjoilu!<\/strong><\/p>\n\n\n\n<p><\/p>\n","protected":false},"excerpt":{"rendered":"<p>Keski-Suomen ELY-keskus j\u00e4rjest\u00e4\u00e4 yhdess\u00e4 Saarij\u00e4rven kaupungin ymp\u00e4rist\u00f6nsujelutoimen ja JAMK Biotalousinstituutin kanssa info-tilaisuuden Nahjuksella Kalmarissa perjantaina 1.10.2021 klo 14.30 alkaen. Tilaisuudessa esitet\u00e4\u00e4n Valkeisen j\u00e4rven vedenlaatutietoja ja veden laadun kehityst\u00e4 sek\u00e4 Vemala-valuma-aluemallia hy\u00f6dynt\u00e4en eri kuormitusl\u00e4hteiden vaikutusta Valkeisen j\u00e4rven veden laatuun. Lis\u00e4ksi kuullaan&hellip; <\/p>\n","protected":false},"author":3,"featured_media":0,"comment_status":"open","ping_status":"open","sticky":false,"template":"","format":"standard","meta":{"jetpack_post_was_ever_published":false,"_jetpack_newsletter_access":"","_jetpack_dont_email_post_to_subs":false,"_jetpack_newsletter_tier_id":0,"_jetpack_memberships_contains_paywalled_content":false,"_jetpack_memberships_contains_paid_content":false,"footnotes":"","jetpack_publicize_message":"","jetpack_publicize_feature_enabled":true,"jetpack_social_post_already_shared":true,"jetpack_social_options":{"image_generator_settings":{"template":"highway","default_image_id":0,"font":"","enabled":false},"version":2}},"categories":[1],"tags":[],"class_list":["post-1619","post","type-post","status-publish","format-standard","hentry","category-yleiset"],"jetpack_publicize_connections":[],"jetpack_featured_media_url":"","jetpack_sharing_enabled":true,"jetpack_shortlink":"https:\/\/wp.me\/p8BHJU-q7","jetpack-related-posts":[],"_links":{"self":[{"href":"https:\/\/www.kalmarinkyla.net\/index.php?rest_route=\/wp\/v2\/posts\/1619","targetHints":{"allow":["GET"]}}],"collection":[{"href":"https:\/\/www.kalmarinkyla.net\/index.php?rest_route=\/wp\/v2\/posts"}],"about":[{"href":"https:\/\/www.kalmarinkyla.net\/index.php?rest_route=\/wp\/v2\/types\/post"}],"author":[{"embeddable":true,"href":"https:\/\/www.kalmarinkyla.net\/index.php?rest_route=\/wp\/v2\/users\/3"}],"replies":[{"embeddable":true,"href":"https:\/\/www.kalmarinkyla.net\/index.php?rest_route=%2Fwp%2Fv2%2Fcomments&post=1619"}],"version-history":[{"count":7,"href":"https:\/\/www.kalmarinkyla.net\/index.php?rest_route=\/wp\/v2\/posts\/1619\/revisions"}],"predecessor-version":[{"id":1627,"href":"https:\/\/www.kalmarinkyla.net\/index.php?rest_route=\/wp\/v2\/posts\/1619\/revisions\/1627"}],"wp:attachment":[{"href":"https:\/\/www.kalmarinkyla.net\/index.php?rest_route=%2Fwp%2Fv2%2Fmedia&parent=1619"}],"wp:term":[{"taxonomy":"category","embeddable":true,"href":"https:\/\/www.kalmarinkyla.net\/index.php?rest_route=%2Fwp%2Fv2%2Fcategories&post=1619"},{"taxonomy":"post_tag","embeddable":true,"href":"https:\/\/www.kalmarinkyla.net\/index.php?rest_route=%2Fwp%2Fv2%2Ftags&post=1619"}],"curies":[{"name":"wp","href":"https:\/\/api.w.org\/{rel}","templated":true}]}}