{"id":1663,"date":"2022-03-12T08:53:20","date_gmt":"2022-03-12T06:53:20","guid":{"rendered":"http:\/\/www.kalmarinkyla.net\/?p=1663"},"modified":"2022-03-12T08:55:03","modified_gmt":"2022-03-12T06:55:03","slug":"kyla-ja-urheiluseura-kalmarin-nahjus-ryn-vuosikokous","status":"publish","type":"post","link":"https:\/\/www.kalmarinkyla.net\/?p=1663","title":{"rendered":"Nahjuksen vuosikokous 20.3. klo 18"},"content":{"rendered":"<div id=\"fb-root\"><\/div>\n\n<p>Tervetuloa Kyl\u00e4- ja Urheiluseura Kalmarin Nahjuksen vuosikokoukseen sunnuntaina 20.3.2022 klo 18 Nahjukselle. Kokouksessa k\u00e4sitell\u00e4\u00e4n mm. vuosikokousasiat ja k\u00e4yd\u00e4\u00e4n l\u00e4pi laajakaistahankkeen tilannetta.<\/p>\n\n\n\n<p>Kokoukseen ovat tervetulleita kaikki kyl\u00e4l\u00e4iset! Kahvitarjoilu!<\/p>\n\n\n\n<figure class=\"wp-block-image size-large\"><img data-recalc-dims=\"1\" loading=\"lazy\" decoding=\"async\" width=\"700\" height=\"394\" data-attachment-id=\"1668\" data-permalink=\"https:\/\/www.kalmarinkyla.net\/?attachment_id=1668\" data-orig-file=\"https:\/\/i0.wp.com\/www.kalmarinkyla.net\/wp\/wp-content\/uploads\/Kopio_-Vuosikokous-fb.pptx.jpg?fit=1280%2C720&amp;ssl=1\" data-orig-size=\"1280,720\" data-comments-opened=\"1\" data-image-meta=\"{&quot;aperture&quot;:&quot;0&quot;,&quot;credit&quot;:&quot;&quot;,&quot;camera&quot;:&quot;&quot;,&quot;caption&quot;:&quot;&quot;,&quot;created_timestamp&quot;:&quot;0&quot;,&quot;copyright&quot;:&quot;&quot;,&quot;focal_length&quot;:&quot;0&quot;,&quot;iso&quot;:&quot;0&quot;,&quot;shutter_speed&quot;:&quot;0&quot;,&quot;title&quot;:&quot;&quot;,&quot;orientation&quot;:&quot;0&quot;}\" data-image-title=\"Kopio_-Vuosikokous-fb.pptx\" data-image-description=\"\" data-image-caption=\"\" data-large-file=\"https:\/\/i0.wp.com\/www.kalmarinkyla.net\/wp\/wp-content\/uploads\/Kopio_-Vuosikokous-fb.pptx.jpg?fit=700%2C394&amp;ssl=1\" src=\"https:\/\/i0.wp.com\/www.kalmarinkyla.net\/wp\/wp-content\/uploads\/Kopio_-Vuosikokous-fb.pptx-1024x576.jpg?resize=700%2C394\" alt=\"\" class=\"wp-image-1668\" srcset=\"https:\/\/i0.wp.com\/www.kalmarinkyla.net\/wp\/wp-content\/uploads\/Kopio_-Vuosikokous-fb.pptx.jpg?resize=1024%2C576&amp;ssl=1 1024w, https:\/\/i0.wp.com\/www.kalmarinkyla.net\/wp\/wp-content\/uploads\/Kopio_-Vuosikokous-fb.pptx.jpg?resize=300%2C169&amp;ssl=1 300w, https:\/\/i0.wp.com\/www.kalmarinkyla.net\/wp\/wp-content\/uploads\/Kopio_-Vuosikokous-fb.pptx.jpg?resize=768%2C432&amp;ssl=1 768w, https:\/\/i0.wp.com\/www.kalmarinkyla.net\/wp\/wp-content\/uploads\/Kopio_-Vuosikokous-fb.pptx.jpg?w=1280&amp;ssl=1 1280w\" sizes=\"auto, (max-width: 700px) 100vw, 700px\" \/><\/figure>\n\n\n\n<div class=\"wp-block-file\"><a href=\"http:\/\/www.kalmarinkyla.net\/wp\/wp-content\/uploads\/Tilinpaatos-2021-Kalmarin-Nahjus-1.pdf\" target=\"_blank\" rel=\"noreferrer noopener\">Tilinpaatos-2021-Kalmarin-Nahjus-1<\/a><a href=\"http:\/\/www.kalmarinkyla.net\/wp\/wp-content\/uploads\/Tilinpaatos-2021-Kalmarin-Nahjus-1.pdf\" class=\"wp-block-file__button\" download>Avautuu uuteen v\u00e4lilehteen<\/a><\/div>\n\n\n\n<div class=\"wp-block-file\"><a href=\"http:\/\/www.kalmarinkyla.net\/wp\/wp-content\/uploads\/Toimintakertomus-2021-Kalmarin-Nahjus.pdf\" target=\"_blank\" rel=\"noreferrer noopener\">Toimintakertomus-2021-Kalmarin-Nahjus<\/a><a href=\"http:\/\/www.kalmarinkyla.net\/wp\/wp-content\/uploads\/Toimintakertomus-2021-Kalmarin-Nahjus.pdf\" class=\"wp-block-file__button\" download>Avautuu uuteen v\u00e4lilehteen<\/a><\/div>\n\n\n\n<div class=\"wp-block-file\"><a href=\"http:\/\/www.kalmarinkyla.net\/wp\/wp-content\/uploads\/Toimintasuunnitelma-2022-Kalmarin-Nahjus.pdf\" target=\"_blank\" rel=\"noreferrer noopener\">Toimintasuunnitelma-2022-Kalmarin-Nahjus<\/a><a href=\"http:\/\/www.kalmarinkyla.net\/wp\/wp-content\/uploads\/Toimintasuunnitelma-2022-Kalmarin-Nahjus.pdf\" class=\"wp-block-file__button\" download>Avautuu uuteen v\u00e4lilehteen<\/a><\/div>\n","protected":false},"excerpt":{"rendered":"<p>Tervetuloa Kyl\u00e4- ja Urheiluseura Kalmarin Nahjuksen vuosikokoukseen sunnuntaina 20.3.2022 klo 18 Nahjukselle. Kokouksessa k\u00e4sitell\u00e4\u00e4n mm. vuosikokousasiat ja k\u00e4yd\u00e4\u00e4n l\u00e4pi laajakaistahankkeen tilannetta. Kokoukseen ovat tervetulleita kaikki kyl\u00e4l\u00e4iset! Kahvitarjoilu!<\/p>\n","protected":false},"author":3,"featured_media":0,"comment_status":"open","ping_status":"open","sticky":false,"template":"","format":"standard","meta":{"jetpack_post_was_ever_published":false,"_jetpack_newsletter_access":"","_jetpack_dont_email_post_to_subs":false,"_jetpack_newsletter_tier_id":0,"_jetpack_memberships_contains_paywalled_content":false,"_jetpack_memberships_contains_paid_content":false,"footnotes":"","jetpack_publicize_message":"","jetpack_publicize_feature_enabled":true,"jetpack_social_post_already_shared":true,"jetpack_social_options":{"image_generator_settings":{"template":"highway","default_image_id":0,"font":"","enabled":false},"version":2}},"categories":[1],"tags":[],"class_list":["post-1663","post","type-post","status-publish","format-standard","hentry","category-yleiset"],"jetpack_publicize_connections":[],"jetpack_featured_media_url":"","jetpack_sharing_enabled":true,"jetpack_shortlink":"https:\/\/wp.me\/p8BHJU-qP","jetpack-related-posts":[],"_links":{"self":[{"href":"https:\/\/www.kalmarinkyla.net\/index.php?rest_route=\/wp\/v2\/posts\/1663","targetHints":{"allow":["GET"]}}],"collection":[{"href":"https:\/\/www.kalmarinkyla.net\/index.php?rest_route=\/wp\/v2\/posts"}],"about":[{"href":"https:\/\/www.kalmarinkyla.net\/index.php?rest_route=\/wp\/v2\/types\/post"}],"author":[{"embeddable":true,"href":"https:\/\/www.kalmarinkyla.net\/index.php?rest_route=\/wp\/v2\/users\/3"}],"replies":[{"embeddable":true,"href":"https:\/\/www.kalmarinkyla.net\/index.php?rest_route=%2Fwp%2Fv2%2Fcomments&post=1663"}],"version-history":[{"count":4,"href":"https:\/\/www.kalmarinkyla.net\/index.php?rest_route=\/wp\/v2\/posts\/1663\/revisions"}],"predecessor-version":[{"id":1673,"href":"https:\/\/www.kalmarinkyla.net\/index.php?rest_route=\/wp\/v2\/posts\/1663\/revisions\/1673"}],"wp:attachment":[{"href":"https:\/\/www.kalmarinkyla.net\/index.php?rest_route=%2Fwp%2Fv2%2Fmedia&parent=1663"}],"wp:term":[{"taxonomy":"category","embeddable":true,"href":"https:\/\/www.kalmarinkyla.net\/index.php?rest_route=%2Fwp%2Fv2%2Fcategories&post=1663"},{"taxonomy":"post_tag","embeddable":true,"href":"https:\/\/www.kalmarinkyla.net\/index.php?rest_route=%2Fwp%2Fv2%2Ftags&post=1663"}],"curies":[{"name":"wp","href":"https:\/\/api.w.org\/{rel}","templated":true}]}}