{"id":25,"date":"2017-03-08T21:53:31","date_gmt":"2017-03-08T19:53:31","guid":{"rendered":"http:\/\/www.kalmarinkyla.net\/wp\/?p=25"},"modified":"2017-03-08T21:53:31","modified_gmt":"2017-03-08T19:53:31","slug":"kalmarin-kylakysely","status":"publish","type":"post","link":"https:\/\/www.kalmarinkyla.net\/?p=25","title":{"rendered":"Kalmarin kyl\u00e4kysely"},"content":{"rendered":"<div id=\"fb-root\"><\/div>\n<p>Hei Kalmarin kyl\u00e4l\u00e4iset!<\/p>\n<p>Oheisella kyl\u00e4kyselyll\u00e4 on tarkoitus kartoittaa kalmarilaisten arjen toiveita ja tarpeita. Saatuja ideoita pyrit\u00e4\u00e4n jalostamaan edelleen konkreettiseen toteutukseen asti, ja siten lis\u00e4t\u00e4 hyv\u00e4\u00e4 el\u00e4m\u00e4\u00e4 kyl\u00e4ll\u00e4mme. Kaikkien kyl\u00e4l\u00e4isten, nuorten ja vanhempien, vastaukset ovat arvokkaita: aktiivista osallistumista kyselyyn toivotaan!<\/p>\n<p>S\u00e4hk\u00f6isen kyselylomakkeen jokainen perheenj\u00e4sen t\u00e4ytt\u00e4\u00e4 erikseen, vastaaminen kyselyyn kest\u00e4\u00e4 noin 10 minuuttia. Kyselyn lopussa oleva Lataa-painike toimii kyselyn L\u00e4het\u00e4-painikkeena. Kyselyss\u00e4 annetut tiedot k\u00e4sitell\u00e4\u00e4n luottamuksellisesti.<\/p>\n<p>Kysely toteutetaan Suomen Punaisen ristin Saarij\u00e4rven osaston koordinoiman ik\u00e4ihmisten hyvinvointia edist\u00e4v\u00e4n Hyv\u00e4 el\u00e4m\u00e4 &#8211; hyv\u00e4 mieli -hankkeen sek\u00e4 Kyl\u00e4- ja urheiluseura Kalmarin Nahjus ry:n yhteisty\u00f6n\u00e4. Kyselyyn on luonut oman Hyvinvoiva ymp\u00e4rist\u00f6 -osionsa my\u00f6s 5E-kyl\u00e4t &#8211; v\u00e4h\u00e4hiiliset yhteis\u00f6t -hanke. Kysely on jaettu paperisena Kalmarin kotitalouksiin Saarij\u00e4rvel\u00e4inen -lehden mukana.<\/p>\n<p>Vastausaikaa kyselyyn on 10.3.2017 asti.<\/p>\n<p><a href=\"https:\/\/docs.google.com\/forms\/d\/e\/1FAIpQLSck38rx7nPIyaEHPMwFFQi4EJmOR21u6r_cMQB_mxqOqI-WLQ\/viewform?c=0&amp;w=1\">Linkki kyselyyn<\/a><\/p>\n","protected":false},"excerpt":{"rendered":"<p>Hei Kalmarin kyl\u00e4l\u00e4iset! Oheisella kyl\u00e4kyselyll\u00e4 on tarkoitus kartoittaa kalmarilaisten arjen toiveita ja tarpeita. Saatuja ideoita pyrit\u00e4\u00e4n jalostamaan edelleen konkreettiseen toteutukseen asti, ja siten lis\u00e4t\u00e4 hyv\u00e4\u00e4 el\u00e4m\u00e4\u00e4 kyl\u00e4ll\u00e4mme. Kaikkien kyl\u00e4l\u00e4isten, nuorten ja vanhempien, vastaukset ovat arvokkaita: aktiivista osallistumista kyselyyn toivotaan! S\u00e4hk\u00f6isen&hellip; <\/p>\n","protected":false},"author":1,"featured_media":0,"comment_status":"open","ping_status":"open","sticky":false,"template":"","format":"standard","meta":{"jetpack_post_was_ever_published":false,"_jetpack_newsletter_access":"","_jetpack_dont_email_post_to_subs":false,"_jetpack_newsletter_tier_id":0,"_jetpack_memberships_contains_paywalled_content":false,"_jetpack_memberships_contains_paid_content":false,"footnotes":"","jetpack_publicize_message":"","jetpack_publicize_feature_enabled":true,"jetpack_social_post_already_shared":false,"jetpack_social_options":{"image_generator_settings":{"template":"highway","default_image_id":0,"font":"","enabled":false},"version":2}},"categories":[1],"tags":[],"class_list":["post-25","post","type-post","status-publish","format-standard","hentry","category-yleiset"],"jetpack_publicize_connections":[],"jetpack_featured_media_url":"","jetpack_sharing_enabled":true,"jetpack_shortlink":"https:\/\/wp.me\/p8BHJU-p","jetpack-related-posts":[],"_links":{"self":[{"href":"https:\/\/www.kalmarinkyla.net\/index.php?rest_route=\/wp\/v2\/posts\/25","targetHints":{"allow":["GET"]}}],"collection":[{"href":"https:\/\/www.kalmarinkyla.net\/index.php?rest_route=\/wp\/v2\/posts"}],"about":[{"href":"https:\/\/www.kalmarinkyla.net\/index.php?rest_route=\/wp\/v2\/types\/post"}],"author":[{"embeddable":true,"href":"https:\/\/www.kalmarinkyla.net\/index.php?rest_route=\/wp\/v2\/users\/1"}],"replies":[{"embeddable":true,"href":"https:\/\/www.kalmarinkyla.net\/index.php?rest_route=%2Fwp%2Fv2%2Fcomments&post=25"}],"version-history":[{"count":1,"href":"https:\/\/www.kalmarinkyla.net\/index.php?rest_route=\/wp\/v2\/posts\/25\/revisions"}],"predecessor-version":[{"id":26,"href":"https:\/\/www.kalmarinkyla.net\/index.php?rest_route=\/wp\/v2\/posts\/25\/revisions\/26"}],"wp:attachment":[{"href":"https:\/\/www.kalmarinkyla.net\/index.php?rest_route=%2Fwp%2Fv2%2Fmedia&parent=25"}],"wp:term":[{"taxonomy":"category","embeddable":true,"href":"https:\/\/www.kalmarinkyla.net\/index.php?rest_route=%2Fwp%2Fv2%2Fcategories&post=25"},{"taxonomy":"post_tag","embeddable":true,"href":"https:\/\/www.kalmarinkyla.net\/index.php?rest_route=%2Fwp%2Fv2%2Ftags&post=25"}],"curies":[{"name":"wp","href":"https:\/\/api.w.org\/{rel}","templated":true}]}}